{"id":85,"date":"2014-06-04T00:00:00","date_gmt":"2014-06-04T00:00:00","guid":{"rendered":"http:\/\/un-encargo-muy-curioso"},"modified":"2018-03-19T09:21:00","modified_gmt":"2018-03-19T09:21:00","slug":"un-encargo-muy-curioso","status":"publish","type":"post","link":"https:\/\/ismaeljoyeros.com\/blog\/un-encargo-muy-curioso\/","title":{"rendered":"Un encargo muy curioso"},"content":{"rendered":"<p>\u00a1Un encargo, sin duda curioso, que quer\u00edamos compartir con vosotros!. Hace unas semanas recib\u00edamos una llamada de la restauradora del Museo Diocesano Barbastro-Monz\u00f3n.<!--more--> Se puso en contacto con nosotros para preguntarnos si exist\u00eda la posibil<span class=\"text_exposed_show\">idad de reponer una almendra de plata dorada que se hab\u00eda desprendido de una pieza \u00fanica de orfebrer\u00eda, que forma parte de la exposici\u00f3n permanente&#8230; Enseguida nos pusimos manos a la obra, reconstruimos fielmente la parte da\u00f1ada y procedimos, con m\u00e1ximo cuidado, a su colocaci\u00f3n.<\/span><\/p>\n<p><span class=\"text_exposed_show\"><img loading=\"lazy\" title=\"Almendra dorada para el Museo Diocesano Barbastro-Monz\u00f3n.\" src=\"https:\/\/ww2.ismaeljoyeros.com\/blog\/wp-content\/uploads\/2014\/06\/museo1.jpg\" alt=\"Almendra dorada para el Museo Diocesano Barbastro-Monz\u00f3n.\" width=\"658\" height=\"469\" \/><\/span><\/p>\n","protected":false},"excerpt":{"rendered":"<p>R\u00e9plica de una almendra dorada para el Museo Diocesano Barbastro-Monz\u00f3n.<\/p>\n","protected":false},"author":2,"featured_media":384,"comment_status":"open","ping_status":"closed","sticky":false,"template":"","format":"standard","meta":[],"categories":[2],"tags":[],"_links":{"self":[{"href":"https:\/\/ismaeljoyeros.com\/blog\/wp-json\/wp\/v2\/posts\/85"}],"collection":[{"href":"https:\/\/ismaeljoyeros.com\/blog\/wp-json\/wp\/v2\/posts"}],"about":[{"href":"https:\/\/ismaeljoyeros.com\/blog\/wp-json\/wp\/v2\/types\/post"}],"author":[{"embeddable":true,"href":"https:\/\/ismaeljoyeros.com\/blog\/wp-json\/wp\/v2\/users\/2"}],"replies":[{"embeddable":true,"href":"https:\/\/ismaeljoyeros.com\/blog\/wp-json\/wp\/v2\/comments?post=85"}],"version-history":[{"count":1,"href":"https:\/\/ismaeljoyeros.com\/blog\/wp-json\/wp\/v2\/posts\/85\/revisions"}],"predecessor-version":[{"id":72928,"href":"https:\/\/ismaeljoyeros.com\/blog\/wp-json\/wp\/v2\/posts\/85\/revisions\/72928"}],"wp:featuredmedia":[{"embeddable":true,"href":"https:\/\/ismaeljoyeros.com\/blog\/wp-json\/wp\/v2\/media\/384"}],"wp:attachment":[{"href":"https:\/\/ismaeljoyeros.com\/blog\/wp-json\/wp\/v2\/media?parent=85"}],"wp:term":[{"taxonomy":"category","embeddable":true,"href":"https:\/\/ismaeljoyeros.com\/blog\/wp-json\/wp\/v2\/categories?post=85"},{"taxonomy":"post_tag","embeddable":true,"href":"https:\/\/ismaeljoyeros.com\/blog\/wp-json\/wp\/v2\/tags?post=85"}],"curies":[{"name":"wp","href":"https:\/\/api.w.org\/{rel}","templated":true}]}}