{"id":84,"date":"2014-06-02T00:00:00","date_gmt":"2014-06-02T00:00:00","guid":{"rendered":"http:\/\/entrevista-en-radio-cinca-100"},"modified":"2018-03-19T09:21:00","modified_gmt":"2018-03-19T09:21:00","slug":"entrevista-radio-cinca-100","status":"publish","type":"post","link":"https:\/\/ismaeljoyeros.com\/blog\/entrevista-radio-cinca-100\/","title":{"rendered":"Entrevista en Radio \u00abCinca 100\u00bb"},"content":{"rendered":"<p>En Radio \u00abCinca 100\u00bb (93.8 F.M.), Gloria Campo entrevista a Ismael Ari\u00f1o y Jos\u00e9 Antonio Ari\u00f1o. <!--more-->Con ella hacemos repaso de nuestra trayectoria, adem\u00e1s de comentar los \u00faltimos proyectos que llevamos entre manos. Y\u00a0<span class=\"text_exposed_show\">como estamos en periodo de bodas y eventos, seguro que tambi\u00e9n caer\u00e1 alg\u00fan consejillo para elegir las piezas m\u00e1s apropiadas, tendencias&#8230; En fin, que ha sido una charla muy entretenida y que si os apetece, \u00a1estaramos en las ondas!.<\/span><\/p>\n<p><span class=\"text_exposed_show\"><iframe loading=\"lazy\" src=\"http:\/\/www.youtube.com\/embed\/D-5vIFART6Q\" width=\"425\" height=\"350\" frameborder=\"0\"><\/iframe><br \/>\n<\/span><\/p>\n","protected":false},"excerpt":{"rendered":"<p>En Radio \u00abCinca 100\u00bb (93.8 F.M.), Gloria Campo entrevista a Ismael Ari\u00f1o y Jos\u00e9 Antonio Ari\u00f1o.<\/p>\n","protected":false},"author":2,"featured_media":382,"comment_status":"open","ping_status":"closed","sticky":false,"template":"","format":"standard","meta":[],"categories":[2],"tags":[],"_links":{"self":[{"href":"https:\/\/ismaeljoyeros.com\/blog\/wp-json\/wp\/v2\/posts\/84"}],"collection":[{"href":"https:\/\/ismaeljoyeros.com\/blog\/wp-json\/wp\/v2\/posts"}],"about":[{"href":"https:\/\/ismaeljoyeros.com\/blog\/wp-json\/wp\/v2\/types\/post"}],"author":[{"embeddable":true,"href":"https:\/\/ismaeljoyeros.com\/blog\/wp-json\/wp\/v2\/users\/2"}],"replies":[{"embeddable":true,"href":"https:\/\/ismaeljoyeros.com\/blog\/wp-json\/wp\/v2\/comments?post=84"}],"version-history":[{"count":1,"href":"https:\/\/ismaeljoyeros.com\/blog\/wp-json\/wp\/v2\/posts\/84\/revisions"}],"predecessor-version":[{"id":72929,"href":"https:\/\/ismaeljoyeros.com\/blog\/wp-json\/wp\/v2\/posts\/84\/revisions\/72929"}],"wp:featuredmedia":[{"embeddable":true,"href":"https:\/\/ismaeljoyeros.com\/blog\/wp-json\/wp\/v2\/media\/382"}],"wp:attachment":[{"href":"https:\/\/ismaeljoyeros.com\/blog\/wp-json\/wp\/v2\/media?parent=84"}],"wp:term":[{"taxonomy":"category","embeddable":true,"href":"https:\/\/ismaeljoyeros.com\/blog\/wp-json\/wp\/v2\/categories?post=84"},{"taxonomy":"post_tag","embeddable":true,"href":"https:\/\/ismaeljoyeros.com\/blog\/wp-json\/wp\/v2\/tags?post=84"}],"curies":[{"name":"wp","href":"https:\/\/api.w.org\/{rel}","templated":true}]}}