{"id":74265,"date":"2022-08-07T15:50:11","date_gmt":"2022-08-07T15:50:11","guid":{"rendered":"https:\/\/ismaeljoyeros.com\/blog\/?p=74265"},"modified":"2022-08-07T16:45:41","modified_gmt":"2022-08-07T16:45:41","slug":"nuevo-podcast-inspirate-con-cristina-ibanez-experta-en-instagram","status":"publish","type":"post","link":"https:\/\/ismaeljoyeros.com\/blog\/nuevo-podcast-inspirate-con-cristina-ibanez-experta-en-instagram\/","title":{"rendered":"\u00a1Nuevo podcast! INSP\u00cdRATE con Cristina Ib\u00e1\u00f1ez, experta en Instagram"},"content":{"rendered":"\n<p><\/p>\n\n\n\n<h2><strong><em>Ya puedes escuchar el podcast del programa INSP\u00cdRATE, de COPE Huesca, con Cristina Ib\u00e1\u00f1ez e Ismael Ari\u00f1o.<\/em><\/strong><\/h2>\n\n\n\n<p><\/p>\n\n\n\n<figure class=\"wp-block-audio\"><audio controls src=\"https:\/\/ismaeljoyeros.com\/blog\/wp-content\/uploads\/2022\/08\/CRISTINA-OJO-WEB-4-AGOSTO.mp3\"><\/audio><figcaption>PODCAST<\/figcaption><\/figure>\n\n\n\n<p><\/p>\n\n\n\n<p>Cristina Ib\u00e1\u00f1ez predica y practica el marketing bonito, el marketing visual de su red de referencia Instagram. Persevera con cabezoner\u00eda \u00abmade in Arag\u00f3n\u00bb hasta conseguir llegar a la meta autoimpuesta.&nbsp; Se ve a s\u00ed misma como una mujer creativa, tranquila y muy positiva.&nbsp;<\/p>\n\n\n\n<p>En 2019 inici\u00f3 su actividad como creadora de contenidos&nbsp;digitales con un blog sobre moda, en el que mostraba sus outfits y a ra\u00edz del cual empez\u00f3 a interesarse por el marketing digital. Se percat\u00f3 de que era la community manager de su blog y, adem\u00e1s, de forma inconsciente o intuitiva ya estaba aplicando estrategias de marketing digital. En 2014 ya estaba form\u00e1ndose y en 2020&nbsp;empez\u00f3 a emprender.<\/p>\n\n\n\n<p>Su prop\u00f3sito es el de ayudar a negocios a transformar su perfil de Instagram y&nbsp;transformar sus vidas. Confiesa que es lo m\u00e1s bonito que le ha pasado, por lo que a su yo adolescente le dir\u00eda: \u201c\u00a1no te rindas!\u201d. Su inspiraci\u00f3n procede de su d\u00eda a d\u00eda. Sus clientes, sus seguidores, una pel\u00edcula, un documental, un libro, un podcast, un viaje. Encuentra musas en todas partes. Se emociona pasando tiempo con su marido y su perro y se desespera con las personas que no se comprometen.<\/p>\n\n\n\n<p>Su mayor logro hasta ahora es ser profesora de Instagram en un m\u00e1ster de marketing digital, ya que es la primera docente especializada en la materia. Con la experiencia ha aprendido que es importante estar enfocado en uno mismo y establecer horarios. Pese a que Cristina quer\u00eda ser astr\u00f3noma, con 5 a\u00f1os se sab\u00eda todo el sistema solar y las constelaciones y a\u00fan conserva el&nbsp;telescopio profesional que le regalaron sus padres. Ahora disfruta navegando en la red de redes, mientras ayuda a navegar a sus semejantes.&nbsp;<\/p>\n\n\n\n<p><\/p>\n\n\n\n<figure class=\"wp-block-image size-large\"><img loading=\"lazy\" width=\"1024\" height=\"1024\" src=\"https:\/\/ismaeljoyeros.com\/blog\/wp-content\/uploads\/2022\/08\/imagen-cuadrada-ismael-podcast-esta-semana-cristina-1-1024x1024.jpg\" alt=\"\" class=\"wp-image-74267\" srcset=\"https:\/\/ismaeljoyeros.com\/blog\/wp-content\/uploads\/2022\/08\/imagen-cuadrada-ismael-podcast-esta-semana-cristina-1-1024x1024.jpg 1024w, https:\/\/ismaeljoyeros.com\/blog\/wp-content\/uploads\/2022\/08\/imagen-cuadrada-ismael-podcast-esta-semana-cristina-1-300x300.jpg 300w, https:\/\/ismaeljoyeros.com\/blog\/wp-content\/uploads\/2022\/08\/imagen-cuadrada-ismael-podcast-esta-semana-cristina-1-150x150.jpg 150w, https:\/\/ismaeljoyeros.com\/blog\/wp-content\/uploads\/2022\/08\/imagen-cuadrada-ismael-podcast-esta-semana-cristina-1-768x768.jpg 768w, https:\/\/ismaeljoyeros.com\/blog\/wp-content\/uploads\/2022\/08\/imagen-cuadrada-ismael-podcast-esta-semana-cristina-1.jpg 1080w\" sizes=\"(max-width: 1024px) 100vw, 1024px\" \/><figcaption>Cristina Ib\u00e1\u00f1ez es toda una experta en Instagram.<\/figcaption><\/figure>\n\n\n\n<blockquote class=\"wp-block-quote\"><p><strong><em>El mantra de Cristina Ib\u00e1\u00f1ez: \u00abno fue suerte, fue trabajo, baby<\/em><\/strong>\u00ab<\/p><\/blockquote>\n\n\n\n<h2><strong>Referentes<\/strong><\/h2>\n\n\n\n<p>Ana Ivars, es su gran referencia. Mentora y amiga de quien considera que lo ha aprendido todo. Tambi\u00e9n admira mucho a Reese Whitherspoon y a Sara Blajekely, de Spanax. Sin duda, grandes empresarias con mucha visi\u00f3n.<\/p>\n\n\n\n<h2><strong>Favoritos<\/strong><\/h2>\n\n\n\n<p><strong>Un luga<\/strong>r: cualquiera del Pirineo Aragon\u00e9s<\/p>\n\n\n\n<p><strong>Una serie<\/strong>: Dark y Mad Men<\/p>\n\n\n\n<p><strong>Una peli: <\/strong>Interestellar (soy muy fan de Nolan)<\/p>\n\n\n\n<p><strong>Una canci\u00f3n: <\/strong>The Rip (Portishead)&nbsp;<\/p>\n\n\n\n<p><strong>Un podcas<\/strong>t: el m\u00edo&#8230; jajaja (no, es broma). Deforme Semanal de Radio Primavera Sound (me r\u00edo mucho)<\/p>\n\n\n\n<p><strong>Un libro:<\/strong> \u00abEsto es Marketing\u00bb de Seth Godin.<\/p>\n\n\n\n<p><strong>Un atuendo<\/strong>: un vestido fresquito.<\/p>\n\n\n\n<p><strong>Una comida<\/strong>: pollo asado.<\/p>\n\n\n\n<p><strong>Un recuerdo<\/strong>: mi road trip por la costa oeste de EEUU.<\/p>\n\n\n\n<p><strong>Un proyecto:<\/strong>&nbsp;mi agencia boutique Good vibes Agency de marketing digital: especialista en moda, belleza y salud.<\/p>\n\n\n\n<p><strong>Un sue\u00f1o: <\/strong>dedicarme siempre a ayudar a mujeres a prosperar en sus negocios.<\/p>\n\n\n\n<p><strong>Un color: <\/strong>el rosa.<\/p>\n\n\n\n<p><strong>Una joya:<\/strong> ahora mismo no paro de ponerme unos pendientes que me regal\u00f3 un clienta, @bymarge.resinart, me los creo totalmente personalizados con los colores de mi branding y me encantan. Soy mucho de pendientes llamativos.<\/p>\n","protected":false},"excerpt":{"rendered":"<p>Ya puedes escuchar el podcast del programa INSP\u00cdRATE, de COPE Huesca, con Cristina Ib\u00e1\u00f1ez e Ismael Ari\u00f1o. Cristina Ib\u00e1\u00f1ez predica [&hellip;]<\/p>\n","protected":false},"author":3,"featured_media":74268,"comment_status":"closed","ping_status":"closed","sticky":false,"template":"","format":"standard","meta":[],"categories":[320],"tags":[329,315,330,321,322],"_links":{"self":[{"href":"https:\/\/ismaeljoyeros.com\/blog\/wp-json\/wp\/v2\/posts\/74265"}],"collection":[{"href":"https:\/\/ismaeljoyeros.com\/blog\/wp-json\/wp\/v2\/posts"}],"about":[{"href":"https:\/\/ismaeljoyeros.com\/blog\/wp-json\/wp\/v2\/types\/post"}],"author":[{"embeddable":true,"href":"https:\/\/ismaeljoyeros.com\/blog\/wp-json\/wp\/v2\/users\/3"}],"replies":[{"embeddable":true,"href":"https:\/\/ismaeljoyeros.com\/blog\/wp-json\/wp\/v2\/comments?post=74265"}],"version-history":[{"count":4,"href":"https:\/\/ismaeljoyeros.com\/blog\/wp-json\/wp\/v2\/posts\/74265\/revisions"}],"predecessor-version":[{"id":74276,"href":"https:\/\/ismaeljoyeros.com\/blog\/wp-json\/wp\/v2\/posts\/74265\/revisions\/74276"}],"wp:featuredmedia":[{"embeddable":true,"href":"https:\/\/ismaeljoyeros.com\/blog\/wp-json\/wp\/v2\/media\/74268"}],"wp:attachment":[{"href":"https:\/\/ismaeljoyeros.com\/blog\/wp-json\/wp\/v2\/media?parent=74265"}],"wp:term":[{"taxonomy":"category","embeddable":true,"href":"https:\/\/ismaeljoyeros.com\/blog\/wp-json\/wp\/v2\/categories?post=74265"},{"taxonomy":"post_tag","embeddable":true,"href":"https:\/\/ismaeljoyeros.com\/blog\/wp-json\/wp\/v2\/tags?post=74265"}],"curies":[{"name":"wp","href":"https:\/\/api.w.org\/{rel}","templated":true}]}}