{"id":73907,"date":"2021-08-06T11:31:24","date_gmt":"2021-08-06T11:31:24","guid":{"rendered":"https:\/\/ismaeljoyeros.com\/blog\/?p=73907"},"modified":"2021-09-06T15:33:54","modified_gmt":"2021-09-06T15:33:54","slug":"todo-al-rojo-anillo-con-rubi","status":"publish","type":"post","link":"https:\/\/ismaeljoyeros.com\/blog\/todo-al-rojo-anillo-con-rubi\/","title":{"rendered":"Todo al rojo: \u00a1anillo con rub\u00ed!"},"content":{"rendered":"\n<p>Este anillo es una de esas piezas a las que hemos dado una segunda vida en nuestro taller. El rub\u00ed, las circonitas y el oro, provienen de las viejas joyas de una clienta a la que le propusimos este dise\u00f1o exclusivo. Y t\u00fa, \u00bftodav\u00eda sigues prefiriendo guardarlas en el fondo del joyero? \u00a1Con ellas podr\u00edamos dise\u00f1arte una joya nueva muy especial!<\/p>\n\n\n\n<figure class=\"wp-block-image\"><img loading=\"lazy\" width=\"1024\" height=\"1024\" src=\"https:\/\/ismaeljoyeros.com\/blog\/wp-content\/uploads\/2021\/09\/Anillo_rubi-1024x1024.jpg\" alt=\"\" class=\"wp-image-73908\" srcset=\"https:\/\/ismaeljoyeros.com\/blog\/wp-content\/uploads\/2021\/09\/Anillo_rubi-1024x1024.jpg 1024w, https:\/\/ismaeljoyeros.com\/blog\/wp-content\/uploads\/2021\/09\/Anillo_rubi-150x150.jpg 150w, https:\/\/ismaeljoyeros.com\/blog\/wp-content\/uploads\/2021\/09\/Anillo_rubi-300x300.jpg 300w, https:\/\/ismaeljoyeros.com\/blog\/wp-content\/uploads\/2021\/09\/Anillo_rubi-768x768.jpg 768w, https:\/\/ismaeljoyeros.com\/blog\/wp-content\/uploads\/2021\/09\/Anillo_rubi.jpg 1200w\" sizes=\"(max-width: 1024px) 100vw, 1024px\" \/><\/figure>\n","protected":false},"excerpt":{"rendered":"<p>Este anillo es una de esas piezas a las que hemos dado una segunda vida en nuestro taller. El rub\u00ed, [&hellip;]<\/p>\n","protected":false},"author":3,"featured_media":73908,"comment_status":"closed","ping_status":"closed","sticky":false,"template":"","format":"standard","meta":[],"categories":[7,5,9],"tags":[32,299,25,173,176,227],"_links":{"self":[{"href":"https:\/\/ismaeljoyeros.com\/blog\/wp-json\/wp\/v2\/posts\/73907"}],"collection":[{"href":"https:\/\/ismaeljoyeros.com\/blog\/wp-json\/wp\/v2\/posts"}],"about":[{"href":"https:\/\/ismaeljoyeros.com\/blog\/wp-json\/wp\/v2\/types\/post"}],"author":[{"embeddable":true,"href":"https:\/\/ismaeljoyeros.com\/blog\/wp-json\/wp\/v2\/users\/3"}],"replies":[{"embeddable":true,"href":"https:\/\/ismaeljoyeros.com\/blog\/wp-json\/wp\/v2\/comments?post=73907"}],"version-history":[{"count":1,"href":"https:\/\/ismaeljoyeros.com\/blog\/wp-json\/wp\/v2\/posts\/73907\/revisions"}],"predecessor-version":[{"id":73913,"href":"https:\/\/ismaeljoyeros.com\/blog\/wp-json\/wp\/v2\/posts\/73907\/revisions\/73913"}],"wp:featuredmedia":[{"embeddable":true,"href":"https:\/\/ismaeljoyeros.com\/blog\/wp-json\/wp\/v2\/media\/73908"}],"wp:attachment":[{"href":"https:\/\/ismaeljoyeros.com\/blog\/wp-json\/wp\/v2\/media?parent=73907"}],"wp:term":[{"taxonomy":"category","embeddable":true,"href":"https:\/\/ismaeljoyeros.com\/blog\/wp-json\/wp\/v2\/categories?post=73907"},{"taxonomy":"post_tag","embeddable":true,"href":"https:\/\/ismaeljoyeros.com\/blog\/wp-json\/wp\/v2\/tags?post=73907"}],"curies":[{"name":"wp","href":"https:\/\/api.w.org\/{rel}","templated":true}]}}