{"id":73841,"date":"2021-05-10T11:30:34","date_gmt":"2021-05-10T11:30:34","guid":{"rendered":"https:\/\/ismaeljoyeros.com\/blog\/?p=73841"},"modified":"2021-06-04T11:39:06","modified_gmt":"2021-06-04T11:39:06","slug":"muchas-gracias-profe-2","status":"publish","type":"post","link":"https:\/\/ismaeljoyeros.com\/blog\/muchas-gracias-profe-2\/","title":{"rendered":"\u00a1Muchas gracias, profe!"},"content":{"rendered":"\n<p>El fin de curso est\u00e1 a la vuelta de la esquina y en ISMAEL JOYEROS encontrar\u00e9is bonitos detalles como estas pulseras grabadas, para agradecerle todo lo vivido y aprendido. Un regalo de parte del grupo, que nunca olvidar\u00e1. No te pierdas nuestra <a href=\"https:\/\/ismaeljoyeros.com\/categoria\/ideas-de-regalo\/para-profes\/\">secci\u00f3n especial de joyas para profes<\/a>.<\/p>\n\n\n\n<p><\/p>\n\n\n\n<figure class=\"wp-block-image\"><img loading=\"lazy\" width=\"1024\" height=\"1024\" src=\"https:\/\/ismaeljoyeros.com\/blog\/wp-content\/uploads\/2021\/06\/anuncio-1200px-1024x1024.png\" alt=\"\" class=\"wp-image-73842\" srcset=\"https:\/\/ismaeljoyeros.com\/blog\/wp-content\/uploads\/2021\/06\/anuncio-1200px-1024x1024.png 1024w, https:\/\/ismaeljoyeros.com\/blog\/wp-content\/uploads\/2021\/06\/anuncio-1200px-150x150.png 150w, https:\/\/ismaeljoyeros.com\/blog\/wp-content\/uploads\/2021\/06\/anuncio-1200px-300x300.png 300w, https:\/\/ismaeljoyeros.com\/blog\/wp-content\/uploads\/2021\/06\/anuncio-1200px-768x768.png 768w, https:\/\/ismaeljoyeros.com\/blog\/wp-content\/uploads\/2021\/06\/anuncio-1200px.png 1200w\" sizes=\"(max-width: 1024px) 100vw, 1024px\" \/><\/figure>\n\n\n\n<p>\u00a1Y tambi\u00e9n le encantar\u00e1n nuestros collares! Una forma preciosa de despedir el curso y agradecerle su cari\u00f1o y dedicaci\u00f3n. Est\u00e1n disponibles en acero antial\u00e9rgico o plata, con grabaci\u00f3n est\u00e1ndar o manuscrita.<\/p>\n\n\n\n<p><\/p>\n\n\n\n<figure class=\"wp-block-image\"><img loading=\"lazy\" width=\"689\" height=\"1024\" src=\"https:\/\/ismaeljoyeros.com\/blog\/wp-content\/uploads\/2021\/06\/Collar_profe1_-689x1024.jpg\" alt=\"\" class=\"wp-image-73843\" srcset=\"https:\/\/ismaeljoyeros.com\/blog\/wp-content\/uploads\/2021\/06\/Collar_profe1_-689x1024.jpg 689w, https:\/\/ismaeljoyeros.com\/blog\/wp-content\/uploads\/2021\/06\/Collar_profe1_-202x300.jpg 202w, https:\/\/ismaeljoyeros.com\/blog\/wp-content\/uploads\/2021\/06\/Collar_profe1_-768x1142.jpg 768w, https:\/\/ismaeljoyeros.com\/blog\/wp-content\/uploads\/2021\/06\/Collar_profe1_.jpg 1080w\" sizes=\"(max-width: 689px) 100vw, 689px\" \/><\/figure>\n\n\n\n<figure class=\"wp-block-image\"><img loading=\"lazy\" width=\"651\" height=\"1024\" src=\"https:\/\/ismaeljoyeros.com\/blog\/wp-content\/uploads\/2021\/06\/Collar_profe2_-651x1024.jpg\" alt=\"\" class=\"wp-image-73845\" srcset=\"https:\/\/ismaeljoyeros.com\/blog\/wp-content\/uploads\/2021\/06\/Collar_profe2_-651x1024.jpg 651w, https:\/\/ismaeljoyeros.com\/blog\/wp-content\/uploads\/2021\/06\/Collar_profe2_-191x300.jpg 191w, https:\/\/ismaeljoyeros.com\/blog\/wp-content\/uploads\/2021\/06\/Collar_profe2_-768x1207.jpg 768w, https:\/\/ismaeljoyeros.com\/blog\/wp-content\/uploads\/2021\/06\/Collar_profe2_.jpg 1080w\" sizes=\"(max-width: 651px) 100vw, 651px\" \/><\/figure>\n\n\n\n<p>Seguro que para el maestro o la maestra, ser\u00e1 todo un orgullo llevar en su estuche esta regla firmada por toda la clase, que le traer\u00e1 bonitos recuerdos de sus alumnos cada vez que la utilice. Recuerda que podemos grabar los nombres de los ni\u00f1os escritos por ellos mismos, con su letra.<\/p>\n\n\n\n<p><\/p>\n\n\n\n<figure class=\"wp-block-image\"><img loading=\"lazy\" width=\"783\" height=\"1024\" src=\"https:\/\/ismaeljoyeros.com\/blog\/wp-content\/uploads\/2021\/06\/Regla_profeOK-783x1024.png\" alt=\"\" class=\"wp-image-73844\" srcset=\"https:\/\/ismaeljoyeros.com\/blog\/wp-content\/uploads\/2021\/06\/Regla_profeOK-783x1024.png 783w, https:\/\/ismaeljoyeros.com\/blog\/wp-content\/uploads\/2021\/06\/Regla_profeOK-229x300.png 229w, https:\/\/ismaeljoyeros.com\/blog\/wp-content\/uploads\/2021\/06\/Regla_profeOK-768x1004.png 768w, https:\/\/ismaeljoyeros.com\/blog\/wp-content\/uploads\/2021\/06\/Regla_profeOK.png 945w\" sizes=\"(max-width: 783px) 100vw, 783px\" \/><\/figure>\n","protected":false},"excerpt":{"rendered":"<p>El fin de curso est\u00e1 a la vuelta de la esquina y en ISMAEL JOYEROS encontrar\u00e9is bonitos detalles como estas [&hellip;]<\/p>\n","protected":false},"author":3,"featured_media":73842,"comment_status":"closed","ping_status":"closed","sticky":false,"template":"","format":"standard","meta":[],"categories":[8,5],"tags":[54,13,222,15,288,195,194],"_links":{"self":[{"href":"https:\/\/ismaeljoyeros.com\/blog\/wp-json\/wp\/v2\/posts\/73841"}],"collection":[{"href":"https:\/\/ismaeljoyeros.com\/blog\/wp-json\/wp\/v2\/posts"}],"about":[{"href":"https:\/\/ismaeljoyeros.com\/blog\/wp-json\/wp\/v2\/types\/post"}],"author":[{"embeddable":true,"href":"https:\/\/ismaeljoyeros.com\/blog\/wp-json\/wp\/v2\/users\/3"}],"replies":[{"embeddable":true,"href":"https:\/\/ismaeljoyeros.com\/blog\/wp-json\/wp\/v2\/comments?post=73841"}],"version-history":[{"count":2,"href":"https:\/\/ismaeljoyeros.com\/blog\/wp-json\/wp\/v2\/posts\/73841\/revisions"}],"predecessor-version":[{"id":73851,"href":"https:\/\/ismaeljoyeros.com\/blog\/wp-json\/wp\/v2\/posts\/73841\/revisions\/73851"}],"wp:featuredmedia":[{"embeddable":true,"href":"https:\/\/ismaeljoyeros.com\/blog\/wp-json\/wp\/v2\/media\/73842"}],"wp:attachment":[{"href":"https:\/\/ismaeljoyeros.com\/blog\/wp-json\/wp\/v2\/media?parent=73841"}],"wp:term":[{"taxonomy":"category","embeddable":true,"href":"https:\/\/ismaeljoyeros.com\/blog\/wp-json\/wp\/v2\/categories?post=73841"},{"taxonomy":"post_tag","embeddable":true,"href":"https:\/\/ismaeljoyeros.com\/blog\/wp-json\/wp\/v2\/tags?post=73841"}],"curies":[{"name":"wp","href":"https:\/\/api.w.org\/{rel}","templated":true}]}}