{"id":73780,"date":"2020-11-10T22:43:40","date_gmt":"2020-11-10T22:43:40","guid":{"rendered":"https:\/\/ww2.ismaeljoyeros.com\/blog\/?p=73780"},"modified":"2020-11-11T15:45:53","modified_gmt":"2020-11-11T15:45:53","slug":"pendientes-de-amatistas-naturales","status":"publish","type":"post","link":"https:\/\/ismaeljoyeros.com\/blog\/pendientes-de-amatistas-naturales\/","title":{"rendered":"Pendientes de amatistas naturales"},"content":{"rendered":"\n<p>La amatista es la variedad p\u00farpura del cuarzo y una de las piedras semipreciosas m\u00e1s apreciadas en joyer\u00eda. Su color y su brillo le aportan fuerza, poder y elegancia a cualquier pieza. Para muestra, unos pendientes de oro blanco y amatistas naturales, de nuestra colecci\u00f3n ?? <\/p>\n\n\n\n<p><\/p>\n\n\n\n<figure class=\"wp-block-image\"><img loading=\"lazy\" width=\"800\" height=\"800\" src=\"https:\/\/ww2.ismaeljoyeros.com\/blog\/wp-content\/uploads\/2020\/11\/Pendientes_amatistas.jpg\" alt=\"\" class=\"wp-image-73781\" srcset=\"https:\/\/ismaeljoyeros.com\/blog\/wp-content\/uploads\/2020\/11\/Pendientes_amatistas.jpg 800w, https:\/\/ismaeljoyeros.com\/blog\/wp-content\/uploads\/2020\/11\/Pendientes_amatistas-150x150.jpg 150w, https:\/\/ismaeljoyeros.com\/blog\/wp-content\/uploads\/2020\/11\/Pendientes_amatistas-300x300.jpg 300w, https:\/\/ismaeljoyeros.com\/blog\/wp-content\/uploads\/2020\/11\/Pendientes_amatistas-768x768.jpg 768w\" sizes=\"(max-width: 800px) 100vw, 800px\" \/><\/figure>\n","protected":false},"excerpt":{"rendered":"<p>La amatista es la variedad p\u00farpura del cuarzo y una de las piedras semipreciosas m\u00e1s apreciadas en joyer\u00eda. Su color [&hellip;]<\/p>\n","protected":false},"author":3,"featured_media":73781,"comment_status":"closed","ping_status":"closed","sticky":false,"template":"","format":"standard","meta":[],"categories":[5,9],"tags":[268,48,284,28],"_links":{"self":[{"href":"https:\/\/ismaeljoyeros.com\/blog\/wp-json\/wp\/v2\/posts\/73780"}],"collection":[{"href":"https:\/\/ismaeljoyeros.com\/blog\/wp-json\/wp\/v2\/posts"}],"about":[{"href":"https:\/\/ismaeljoyeros.com\/blog\/wp-json\/wp\/v2\/types\/post"}],"author":[{"embeddable":true,"href":"https:\/\/ismaeljoyeros.com\/blog\/wp-json\/wp\/v2\/users\/3"}],"replies":[{"embeddable":true,"href":"https:\/\/ismaeljoyeros.com\/blog\/wp-json\/wp\/v2\/comments?post=73780"}],"version-history":[{"count":1,"href":"https:\/\/ismaeljoyeros.com\/blog\/wp-json\/wp\/v2\/posts\/73780\/revisions"}],"predecessor-version":[{"id":73786,"href":"https:\/\/ismaeljoyeros.com\/blog\/wp-json\/wp\/v2\/posts\/73780\/revisions\/73786"}],"wp:featuredmedia":[{"embeddable":true,"href":"https:\/\/ismaeljoyeros.com\/blog\/wp-json\/wp\/v2\/media\/73781"}],"wp:attachment":[{"href":"https:\/\/ismaeljoyeros.com\/blog\/wp-json\/wp\/v2\/media?parent=73780"}],"wp:term":[{"taxonomy":"category","embeddable":true,"href":"https:\/\/ismaeljoyeros.com\/blog\/wp-json\/wp\/v2\/categories?post=73780"},{"taxonomy":"post_tag","embeddable":true,"href":"https:\/\/ismaeljoyeros.com\/blog\/wp-json\/wp\/v2\/tags?post=73780"}],"curies":[{"name":"wp","href":"https:\/\/api.w.org\/{rel}","templated":true}]}}