{"id":73507,"date":"2019-09-30T12:29:18","date_gmt":"2019-09-30T12:29:18","guid":{"rendered":"https:\/\/ww2.ismaeljoyeros.com\/blog\/?p=73507"},"modified":"2019-10-14T15:38:52","modified_gmt":"2019-10-14T15:38:52","slug":"joyas-de-la-virgen-del-pilar","status":"publish","type":"post","link":"https:\/\/ismaeljoyeros.com\/blog\/joyas-de-la-virgen-del-pilar\/","title":{"rendered":"\u00a1Joyas de la Virgen del Pilar!"},"content":{"rendered":"\n<p>En honor a la patrona de Arag\u00f3n y de la Hispanidad, hemos dise\u00f1ado esta colecci\u00f3n tan especial de <a href=\"https:\/\/ismaeljoyeros.com\/106-virgen-del-pilar\">joyas de la Virgen del Pilar<\/a>. Medallitas, medallas y pulseras , en distintos modelos y disponibles en oro y plata, adem\u00e1s de agujas de beb\u00e9s, insignias y llaveros. \u00a1Que nadie se quede sin lucir a la Pilarica! <\/p>\n\n\n\n<ul class=\"wp-block-gallery columns-3 is-cropped\"><li class=\"blocks-gallery-item\"><figure><img loading=\"lazy\" width=\"800\" height=\"800\" src=\"https:\/\/ww2.ismaeljoyeros.com\/blog\/wp-content\/uploads\/2019\/10\/medalla-de-plata-virgen-pilar-oro.jpg\" alt=\"\" data-id=\"73516\" data-link=\"https:\/\/ww2.ismaeljoyeros.com\/blog\/?attachment_id=73516\" class=\"wp-image-73516\" srcset=\"https:\/\/ismaeljoyeros.com\/blog\/wp-content\/uploads\/2019\/10\/medalla-de-plata-virgen-pilar-oro.jpg 800w, https:\/\/ismaeljoyeros.com\/blog\/wp-content\/uploads\/2019\/10\/medalla-de-plata-virgen-pilar-oro-150x150.jpg 150w, https:\/\/ismaeljoyeros.com\/blog\/wp-content\/uploads\/2019\/10\/medalla-de-plata-virgen-pilar-oro-300x300.jpg 300w, https:\/\/ismaeljoyeros.com\/blog\/wp-content\/uploads\/2019\/10\/medalla-de-plata-virgen-pilar-oro-768x768.jpg 768w\" sizes=\"(max-width: 800px) 100vw, 800px\" \/><\/figure><\/li><li class=\"blocks-gallery-item\"><figure><img loading=\"lazy\" width=\"458\" height=\"458\" src=\"https:\/\/ww2.ismaeljoyeros.com\/blog\/wp-content\/uploads\/2019\/10\/medalla-de-plata-virgen-pilar-oro-1.jpg\" alt=\"\" data-id=\"73515\" data-link=\"https:\/\/ww2.ismaeljoyeros.com\/blog\/?attachment_id=73515\" class=\"wp-image-73515\" srcset=\"https:\/\/ismaeljoyeros.com\/blog\/wp-content\/uploads\/2019\/10\/medalla-de-plata-virgen-pilar-oro-1.jpg 458w, https:\/\/ismaeljoyeros.com\/blog\/wp-content\/uploads\/2019\/10\/medalla-de-plata-virgen-pilar-oro-1-150x150.jpg 150w, https:\/\/ismaeljoyeros.com\/blog\/wp-content\/uploads\/2019\/10\/medalla-de-plata-virgen-pilar-oro-1-300x300.jpg 300w\" sizes=\"(max-width: 458px) 100vw, 458px\" \/><\/figure><\/li><li class=\"blocks-gallery-item\"><figure><img loading=\"lazy\" width=\"800\" height=\"800\" src=\"https:\/\/ww2.ismaeljoyeros.com\/blog\/wp-content\/uploads\/2019\/10\/medalla-de-oro-virgen-pilar-1.jpg\" alt=\"\" data-id=\"73513\" data-link=\"https:\/\/ww2.ismaeljoyeros.com\/blog\/?attachment_id=73513\" class=\"wp-image-73513\" srcset=\"https:\/\/ismaeljoyeros.com\/blog\/wp-content\/uploads\/2019\/10\/medalla-de-oro-virgen-pilar-1.jpg 800w, https:\/\/ismaeljoyeros.com\/blog\/wp-content\/uploads\/2019\/10\/medalla-de-oro-virgen-pilar-1-150x150.jpg 150w, https:\/\/ismaeljoyeros.com\/blog\/wp-content\/uploads\/2019\/10\/medalla-de-oro-virgen-pilar-1-300x300.jpg 300w, https:\/\/ismaeljoyeros.com\/blog\/wp-content\/uploads\/2019\/10\/medalla-de-oro-virgen-pilar-1-768x768.jpg 768w\" sizes=\"(max-width: 800px) 100vw, 800px\" \/><\/figure><\/li><li class=\"blocks-gallery-item\"><figure><img loading=\"lazy\" width=\"800\" height=\"800\" src=\"https:\/\/ww2.ismaeljoyeros.com\/blog\/wp-content\/uploads\/2019\/10\/medalla-de-oro-virgen-pilar.jpg\" alt=\"\" data-id=\"73514\" data-link=\"https:\/\/ww2.ismaeljoyeros.com\/blog\/?attachment_id=73514\" class=\"wp-image-73514\" srcset=\"https:\/\/ismaeljoyeros.com\/blog\/wp-content\/uploads\/2019\/10\/medalla-de-oro-virgen-pilar.jpg 800w, https:\/\/ismaeljoyeros.com\/blog\/wp-content\/uploads\/2019\/10\/medalla-de-oro-virgen-pilar-150x150.jpg 150w, https:\/\/ismaeljoyeros.com\/blog\/wp-content\/uploads\/2019\/10\/medalla-de-oro-virgen-pilar-300x300.jpg 300w, https:\/\/ismaeljoyeros.com\/blog\/wp-content\/uploads\/2019\/10\/medalla-de-oro-virgen-pilar-768x768.jpg 768w\" sizes=\"(max-width: 800px) 100vw, 800px\" \/><\/figure><\/li><li class=\"blocks-gallery-item\"><figure><img loading=\"lazy\" width=\"800\" height=\"800\" src=\"https:\/\/ww2.ismaeljoyeros.com\/blog\/wp-content\/uploads\/2019\/10\/medallita-de-oro-virgen-pilar.jpg\" alt=\"\" data-id=\"73517\" data-link=\"https:\/\/ww2.ismaeljoyeros.com\/blog\/?attachment_id=73517\" class=\"wp-image-73517\" srcset=\"https:\/\/ismaeljoyeros.com\/blog\/wp-content\/uploads\/2019\/10\/medallita-de-oro-virgen-pilar.jpg 800w, https:\/\/ismaeljoyeros.com\/blog\/wp-content\/uploads\/2019\/10\/medallita-de-oro-virgen-pilar-150x150.jpg 150w, https:\/\/ismaeljoyeros.com\/blog\/wp-content\/uploads\/2019\/10\/medallita-de-oro-virgen-pilar-300x300.jpg 300w, https:\/\/ismaeljoyeros.com\/blog\/wp-content\/uploads\/2019\/10\/medallita-de-oro-virgen-pilar-768x768.jpg 768w\" sizes=\"(max-width: 800px) 100vw, 800px\" \/><\/figure><\/li><li class=\"blocks-gallery-item\"><figure><img loading=\"lazy\" width=\"800\" height=\"800\" src=\"https:\/\/ww2.ismaeljoyeros.com\/blog\/wp-content\/uploads\/2019\/10\/pulsera-medalla-de-oro-virgen-alegria.jpg\" alt=\"\" data-id=\"73518\" data-link=\"https:\/\/ww2.ismaeljoyeros.com\/blog\/?attachment_id=73518\" class=\"wp-image-73518\" srcset=\"https:\/\/ismaeljoyeros.com\/blog\/wp-content\/uploads\/2019\/10\/pulsera-medalla-de-oro-virgen-alegria.jpg 800w, https:\/\/ismaeljoyeros.com\/blog\/wp-content\/uploads\/2019\/10\/pulsera-medalla-de-oro-virgen-alegria-150x150.jpg 150w, https:\/\/ismaeljoyeros.com\/blog\/wp-content\/uploads\/2019\/10\/pulsera-medalla-de-oro-virgen-alegria-300x300.jpg 300w, https:\/\/ismaeljoyeros.com\/blog\/wp-content\/uploads\/2019\/10\/pulsera-medalla-de-oro-virgen-alegria-768x768.jpg 768w\" sizes=\"(max-width: 800px) 100vw, 800px\" \/><\/figure><\/li><li class=\"blocks-gallery-item\"><figure><img loading=\"lazy\" width=\"800\" height=\"800\" src=\"https:\/\/ww2.ismaeljoyeros.com\/blog\/wp-content\/uploads\/2019\/10\/pulsera-medalla-de-plata-virgen-pilar.jpg\" alt=\"\" data-id=\"73519\" data-link=\"https:\/\/ww2.ismaeljoyeros.com\/blog\/?attachment_id=73519\" class=\"wp-image-73519\" srcset=\"https:\/\/ismaeljoyeros.com\/blog\/wp-content\/uploads\/2019\/10\/pulsera-medalla-de-plata-virgen-pilar.jpg 800w, https:\/\/ismaeljoyeros.com\/blog\/wp-content\/uploads\/2019\/10\/pulsera-medalla-de-plata-virgen-pilar-150x150.jpg 150w, https:\/\/ismaeljoyeros.com\/blog\/wp-content\/uploads\/2019\/10\/pulsera-medalla-de-plata-virgen-pilar-300x300.jpg 300w, https:\/\/ismaeljoyeros.com\/blog\/wp-content\/uploads\/2019\/10\/pulsera-medalla-de-plata-virgen-pilar-768x768.jpg 768w\" sizes=\"(max-width: 800px) 100vw, 800px\" \/><\/figure><\/li><li class=\"blocks-gallery-item\"><figure><img loading=\"lazy\" width=\"800\" height=\"800\" src=\"https:\/\/ww2.ismaeljoyeros.com\/blog\/wp-content\/uploads\/2019\/10\/llavero-de-plata-virgen-pilar.jpg\" alt=\"\" data-id=\"73512\" data-link=\"https:\/\/ww2.ismaeljoyeros.com\/blog\/?attachment_id=73512\" class=\"wp-image-73512\" srcset=\"https:\/\/ismaeljoyeros.com\/blog\/wp-content\/uploads\/2019\/10\/llavero-de-plata-virgen-pilar.jpg 800w, https:\/\/ismaeljoyeros.com\/blog\/wp-content\/uploads\/2019\/10\/llavero-de-plata-virgen-pilar-150x150.jpg 150w, https:\/\/ismaeljoyeros.com\/blog\/wp-content\/uploads\/2019\/10\/llavero-de-plata-virgen-pilar-300x300.jpg 300w, https:\/\/ismaeljoyeros.com\/blog\/wp-content\/uploads\/2019\/10\/llavero-de-plata-virgen-pilar-768x768.jpg 768w\" sizes=\"(max-width: 800px) 100vw, 800px\" \/><\/figure><\/li><li class=\"blocks-gallery-item\"><figure><img loading=\"lazy\" width=\"800\" height=\"800\" src=\"https:\/\/ww2.ismaeljoyeros.com\/blog\/wp-content\/uploads\/2019\/10\/insignia-de-plata-virgen-pilar.jpg\" alt=\"\" data-id=\"73511\" data-link=\"https:\/\/ww2.ismaeljoyeros.com\/blog\/?attachment_id=73511\" class=\"wp-image-73511\" srcset=\"https:\/\/ismaeljoyeros.com\/blog\/wp-content\/uploads\/2019\/10\/insignia-de-plata-virgen-pilar.jpg 800w, https:\/\/ismaeljoyeros.com\/blog\/wp-content\/uploads\/2019\/10\/insignia-de-plata-virgen-pilar-150x150.jpg 150w, https:\/\/ismaeljoyeros.com\/blog\/wp-content\/uploads\/2019\/10\/insignia-de-plata-virgen-pilar-300x300.jpg 300w, https:\/\/ismaeljoyeros.com\/blog\/wp-content\/uploads\/2019\/10\/insignia-de-plata-virgen-pilar-768x768.jpg 768w\" sizes=\"(max-width: 800px) 100vw, 800px\" \/><\/figure><\/li><li class=\"blocks-gallery-item\"><figure><img loading=\"lazy\" width=\"800\" height=\"800\" src=\"https:\/\/ww2.ismaeljoyeros.com\/blog\/wp-content\/uploads\/2019\/10\/insignia-de-oro-virgen-pilar.jpg\" alt=\"\" data-id=\"73510\" data-link=\"https:\/\/ww2.ismaeljoyeros.com\/blog\/?attachment_id=73510\" class=\"wp-image-73510\" srcset=\"https:\/\/ismaeljoyeros.com\/blog\/wp-content\/uploads\/2019\/10\/insignia-de-oro-virgen-pilar.jpg 800w, https:\/\/ismaeljoyeros.com\/blog\/wp-content\/uploads\/2019\/10\/insignia-de-oro-virgen-pilar-150x150.jpg 150w, https:\/\/ismaeljoyeros.com\/blog\/wp-content\/uploads\/2019\/10\/insignia-de-oro-virgen-pilar-300x300.jpg 300w, https:\/\/ismaeljoyeros.com\/blog\/wp-content\/uploads\/2019\/10\/insignia-de-oro-virgen-pilar-768x768.jpg 768w\" sizes=\"(max-width: 800px) 100vw, 800px\" \/><\/figure><\/li><li class=\"blocks-gallery-item\"><figure><img loading=\"lazy\" width=\"800\" height=\"800\" src=\"https:\/\/ww2.ismaeljoyeros.com\/blog\/wp-content\/uploads\/2019\/10\/aguja-de-bebe-con-medallita-de-oro-virgen-pilar.jpg\" alt=\"\" data-id=\"73509\" data-link=\"https:\/\/ww2.ismaeljoyeros.com\/blog\/?attachment_id=73509\" class=\"wp-image-73509\" srcset=\"https:\/\/ismaeljoyeros.com\/blog\/wp-content\/uploads\/2019\/10\/aguja-de-bebe-con-medallita-de-oro-virgen-pilar.jpg 800w, https:\/\/ismaeljoyeros.com\/blog\/wp-content\/uploads\/2019\/10\/aguja-de-bebe-con-medallita-de-oro-virgen-pilar-150x150.jpg 150w, https:\/\/ismaeljoyeros.com\/blog\/wp-content\/uploads\/2019\/10\/aguja-de-bebe-con-medallita-de-oro-virgen-pilar-300x300.jpg 300w, https:\/\/ismaeljoyeros.com\/blog\/wp-content\/uploads\/2019\/10\/aguja-de-bebe-con-medallita-de-oro-virgen-pilar-768x768.jpg 768w\" sizes=\"(max-width: 800px) 100vw, 800px\" \/><\/figure><\/li><li class=\"blocks-gallery-item\"><figure><img loading=\"lazy\" width=\"800\" height=\"800\" src=\"https:\/\/ww2.ismaeljoyeros.com\/blog\/wp-content\/uploads\/2019\/10\/aguja-de-bebe-con-medallita-de-oro-virgen-pilar-1.jpg\" alt=\"\" data-id=\"73508\" data-link=\"https:\/\/ww2.ismaeljoyeros.com\/blog\/?attachment_id=73508\" class=\"wp-image-73508\" srcset=\"https:\/\/ismaeljoyeros.com\/blog\/wp-content\/uploads\/2019\/10\/aguja-de-bebe-con-medallita-de-oro-virgen-pilar-1.jpg 800w, https:\/\/ismaeljoyeros.com\/blog\/wp-content\/uploads\/2019\/10\/aguja-de-bebe-con-medallita-de-oro-virgen-pilar-1-150x150.jpg 150w, https:\/\/ismaeljoyeros.com\/blog\/wp-content\/uploads\/2019\/10\/aguja-de-bebe-con-medallita-de-oro-virgen-pilar-1-300x300.jpg 300w, https:\/\/ismaeljoyeros.com\/blog\/wp-content\/uploads\/2019\/10\/aguja-de-bebe-con-medallita-de-oro-virgen-pilar-1-768x768.jpg 768w\" sizes=\"(max-width: 800px) 100vw, 800px\" \/><\/figure><\/li><\/ul>\n","protected":false},"excerpt":{"rendered":"<p>En honor a la patrona de Arag\u00f3n y de la Hispanidad, hemos dise\u00f1ado esta colecci\u00f3n tan especial de joyas de [&hellip;]<\/p>\n","protected":false},"author":3,"featured_media":73515,"comment_status":"closed","ping_status":"closed","sticky":false,"template":"","format":"standard","meta":[],"categories":[2,5],"tags":[235,237,12,233,238,239,234,236],"_links":{"self":[{"href":"https:\/\/ismaeljoyeros.com\/blog\/wp-json\/wp\/v2\/posts\/73507"}],"collection":[{"href":"https:\/\/ismaeljoyeros.com\/blog\/wp-json\/wp\/v2\/posts"}],"about":[{"href":"https:\/\/ismaeljoyeros.com\/blog\/wp-json\/wp\/v2\/types\/post"}],"author":[{"embeddable":true,"href":"https:\/\/ismaeljoyeros.com\/blog\/wp-json\/wp\/v2\/users\/3"}],"replies":[{"embeddable":true,"href":"https:\/\/ismaeljoyeros.com\/blog\/wp-json\/wp\/v2\/comments?post=73507"}],"version-history":[{"count":1,"href":"https:\/\/ismaeljoyeros.com\/blog\/wp-json\/wp\/v2\/posts\/73507\/revisions"}],"predecessor-version":[{"id":73524,"href":"https:\/\/ismaeljoyeros.com\/blog\/wp-json\/wp\/v2\/posts\/73507\/revisions\/73524"}],"wp:featuredmedia":[{"embeddable":true,"href":"https:\/\/ismaeljoyeros.com\/blog\/wp-json\/wp\/v2\/media\/73515"}],"wp:attachment":[{"href":"https:\/\/ismaeljoyeros.com\/blog\/wp-json\/wp\/v2\/media?parent=73507"}],"wp:term":[{"taxonomy":"category","embeddable":true,"href":"https:\/\/ismaeljoyeros.com\/blog\/wp-json\/wp\/v2\/categories?post=73507"},{"taxonomy":"post_tag","embeddable":true,"href":"https:\/\/ismaeljoyeros.com\/blog\/wp-json\/wp\/v2\/tags?post=73507"}],"curies":[{"name":"wp","href":"https:\/\/api.w.org\/{rel}","templated":true}]}}