{"id":73486,"date":"2019-10-07T10:01:18","date_gmt":"2019-10-07T10:01:18","guid":{"rendered":"https:\/\/ww2.ismaeljoyeros.com\/blog\/?p=73486"},"modified":"2019-10-14T15:12:18","modified_gmt":"2019-10-14T15:12:18","slug":"anillo-bicolor-con-carril-diamantes","status":"publish","type":"post","link":"https:\/\/ismaeljoyeros.com\/blog\/anillo-bicolor-con-carril-diamantes\/","title":{"rendered":"Anillo bicolor con carril de diamantes"},"content":{"rendered":"\n<p>Anillo de dise\u00f1o exclusivo, con los exteriores en oro amarillo y la parte central en oro blanco, a la que acompa\u00f1an dos carriles de diamantes. Un precioso diamante, en talla marquise, culmina nuestra pieza de alta joyer\u00eda. \u00bfQuieres ver c\u00f3mo creamos esta joya de ensue\u00f1o?<\/p>\n\n\n\n<p><\/p>\n\n\n\n<figure class=\"wp-block-image\"><img loading=\"lazy\" width=\"800\" height=\"800\" src=\"https:\/\/ww2.ismaeljoyeros.com\/blog\/wp-content\/uploads\/2019\/10\/71814411_10162377848440313_6842888908422774784_n.png\" alt=\"\" class=\"wp-image-73487\" srcset=\"https:\/\/ismaeljoyeros.com\/blog\/wp-content\/uploads\/2019\/10\/71814411_10162377848440313_6842888908422774784_n.png 800w, https:\/\/ismaeljoyeros.com\/blog\/wp-content\/uploads\/2019\/10\/71814411_10162377848440313_6842888908422774784_n-150x150.png 150w, https:\/\/ismaeljoyeros.com\/blog\/wp-content\/uploads\/2019\/10\/71814411_10162377848440313_6842888908422774784_n-300x300.png 300w, https:\/\/ismaeljoyeros.com\/blog\/wp-content\/uploads\/2019\/10\/71814411_10162377848440313_6842888908422774784_n-768x768.png 768w\" sizes=\"(max-width: 800px) 100vw, 800px\" \/><\/figure>\n\n\n\n<figure class=\"wp-block-image\"><img loading=\"lazy\" width=\"800\" height=\"800\" src=\"https:\/\/ww2.ismaeljoyeros.com\/blog\/wp-content\/uploads\/2019\/10\/anillo_marquise_03.jpg\" alt=\"\" class=\"wp-image-73488\" srcset=\"https:\/\/ismaeljoyeros.com\/blog\/wp-content\/uploads\/2019\/10\/anillo_marquise_03.jpg 800w, https:\/\/ismaeljoyeros.com\/blog\/wp-content\/uploads\/2019\/10\/anillo_marquise_03-150x150.jpg 150w, https:\/\/ismaeljoyeros.com\/blog\/wp-content\/uploads\/2019\/10\/anillo_marquise_03-300x300.jpg 300w, https:\/\/ismaeljoyeros.com\/blog\/wp-content\/uploads\/2019\/10\/anillo_marquise_03-768x768.jpg 768w\" sizes=\"(max-width: 800px) 100vw, 800px\" \/><\/figure>\n\n\n<p>\u00bfQuieres ver c\u00f3mo creamos esta joya de ensue\u00f1o? Desde el dise\u00f1o en 3D y el prototipado, hasta las fases m\u00e1s artesanas y tradicionales de la joyer\u00eda. En este v\u00eddeo os mostramos, al completo, el proceso de creaci\u00f3n de un anillo bicolor exclusivo, con dos carriles de diamantes y un precioso diamante, en el centro, en talla marquise. \u00a1Esperamos que os guste!\u00a0<\/p>\n<p>\u00a0<\/p>\n<div id=\"fb-root\"><\/div><script async=\"1\" defer=\"1\" crossorigin=\"anonymous\" src=\"https:\/\/connect.facebook.net\/es_ES\/sdk.js#xfbml=1&amp;version=v4.0\"><\/script><div class=\"fb-video\" data-href=\"https:\/\/www.facebook.com\/ismaeljoyeros\/videos\/529337331211154\/\" data-width=\"840\"><blockquote cite=\"https:\/\/es-es.facebook.com\/ismaeljoyeros\/videos\/529337331211154\/\" class=\"fb-xfbml-parse-ignore\"><a href=\"https:\/\/es-es.facebook.com\/ismaeljoyeros\/videos\/529337331211154\/\">\u00bfC\u00f3mo se hace una joya exclusiva?<\/a><p>Desde el dise\u00f1o en 3D y el prototipado, hasta las fases m\u00e1s artesanas y tradicionales de la joyer\u00eda. En este v\u00eddeo os mostramos, al completo, el proceso de creaci\u00f3n de un anillo bicolor exclusivo, con dos carriles de diamantes y un precioso diamante, en el centro, en talla marquise. \u00a1Esperamos que os guste! \u25b6\ufe0f??<\/p>Publicada por <a href=\"https:\/\/www.facebook.com\/ismaeljoyeros\/\">ISMAEL JOYEROS<\/a> en Lunes, 7 de octubre de 2019<\/blockquote><\/div>","protected":false},"excerpt":{"rendered":"<p>Anillo de dise\u00f1o exclusivo, con los exteriores en oro amarillo y la parte central en oro blanco, a la que [&hellip;]<\/p>\n","protected":false},"author":3,"featured_media":73487,"comment_status":"closed","ping_status":"closed","sticky":false,"template":"","format":"standard","meta":[],"categories":[2,5],"tags":[216,32,229,10,33,48,49,38],"_links":{"self":[{"href":"https:\/\/ismaeljoyeros.com\/blog\/wp-json\/wp\/v2\/posts\/73486"}],"collection":[{"href":"https:\/\/ismaeljoyeros.com\/blog\/wp-json\/wp\/v2\/posts"}],"about":[{"href":"https:\/\/ismaeljoyeros.com\/blog\/wp-json\/wp\/v2\/types\/post"}],"author":[{"embeddable":true,"href":"https:\/\/ismaeljoyeros.com\/blog\/wp-json\/wp\/v2\/users\/3"}],"replies":[{"embeddable":true,"href":"https:\/\/ismaeljoyeros.com\/blog\/wp-json\/wp\/v2\/comments?post=73486"}],"version-history":[{"count":2,"href":"https:\/\/ismaeljoyeros.com\/blog\/wp-json\/wp\/v2\/posts\/73486\/revisions"}],"predecessor-version":[{"id":73495,"href":"https:\/\/ismaeljoyeros.com\/blog\/wp-json\/wp\/v2\/posts\/73486\/revisions\/73495"}],"wp:featuredmedia":[{"embeddable":true,"href":"https:\/\/ismaeljoyeros.com\/blog\/wp-json\/wp\/v2\/media\/73487"}],"wp:attachment":[{"href":"https:\/\/ismaeljoyeros.com\/blog\/wp-json\/wp\/v2\/media?parent=73486"}],"wp:term":[{"taxonomy":"category","embeddable":true,"href":"https:\/\/ismaeljoyeros.com\/blog\/wp-json\/wp\/v2\/categories?post=73486"},{"taxonomy":"post_tag","embeddable":true,"href":"https:\/\/ismaeljoyeros.com\/blog\/wp-json\/wp\/v2\/tags?post=73486"}],"curies":[{"name":"wp","href":"https:\/\/api.w.org\/{rel}","templated":true}]}}