{"id":73402,"date":"2019-05-13T16:26:25","date_gmt":"2019-05-13T16:26:25","guid":{"rendered":"https:\/\/ww2.ismaeljoyeros.com\/blog\/?p=73402"},"modified":"2019-05-14T11:02:49","modified_gmt":"2019-05-14T11:02:49","slug":"regalos-especiales-para-profes","status":"publish","type":"post","link":"https:\/\/ismaeljoyeros.com\/blog\/regalos-especiales-para-profes\/","title":{"rendered":"\u00a1Regalos especiales para profes!"},"content":{"rendered":"\n<p>El fin de curso ya est\u00e1 a la vuelta de la esquina y toda la clase va a echar much\u00edsimo de menos a alguien muy importante. Por su paciencia, cari\u00f1o y dedicaci\u00f3n, son muchos los ni\u00f1os, mam\u00e1s y pap\u00e1s que quieren agradecer su labor a los profesores sorprendi\u00e9ndoles con un dulce y emotivo regalo. Como un precioso detalle de parte del grupo, nacieron nuestras joyas especialmente dise\u00f1adas para la profesora y el profesor. Una pieza que grabaremos con los nombres de todos sus alumnos y que ser\u00e1 un recuerdo imborrable de los buenos momentos compartidos.<\/p>\n\n\n\n<p><\/p>\n\n\n\n<figure class=\"wp-block-image\"><img loading=\"lazy\" width=\"1024\" height=\"538\" src=\"https:\/\/ww2.ismaeljoyeros.com\/blog\/wp-content\/uploads\/2019\/05\/VR5A8927-1-1024x538.jpg\" alt=\"\" class=\"wp-image-73442\" srcset=\"https:\/\/ismaeljoyeros.com\/blog\/wp-content\/uploads\/2019\/05\/VR5A8927-1-1024x538.jpg 1024w, https:\/\/ismaeljoyeros.com\/blog\/wp-content\/uploads\/2019\/05\/VR5A8927-1-300x158.jpg 300w, https:\/\/ismaeljoyeros.com\/blog\/wp-content\/uploads\/2019\/05\/VR5A8927-1-768x403.jpg 768w\" sizes=\"(max-width: 1024px) 100vw, 1024px\" \/><\/figure>\n\n\n\n<ul class=\"wp-block-gallery columns-3 is-cropped\"><li class=\"blocks-gallery-item\"><figure><img loading=\"lazy\" width=\"800\" height=\"800\" src=\"https:\/\/ww2.ismaeljoyeros.com\/blog\/wp-content\/uploads\/2019\/05\/pulsera-personalizada.jpg\" alt=\"\" data-id=\"73419\" data-link=\"https:\/\/ww2.ismaeljoyeros.com\/blog\/regalos-especiales-para-profes\/pulsera-personalizada-2\/\" class=\"wp-image-73419\" srcset=\"https:\/\/ismaeljoyeros.com\/blog\/wp-content\/uploads\/2019\/05\/pulsera-personalizada.jpg 800w, https:\/\/ismaeljoyeros.com\/blog\/wp-content\/uploads\/2019\/05\/pulsera-personalizada-150x150.jpg 150w, https:\/\/ismaeljoyeros.com\/blog\/wp-content\/uploads\/2019\/05\/pulsera-personalizada-300x300.jpg 300w, https:\/\/ismaeljoyeros.com\/blog\/wp-content\/uploads\/2019\/05\/pulsera-personalizada-768x768.jpg 768w\" sizes=\"(max-width: 800px) 100vw, 800px\" \/><\/figure><\/li><li class=\"blocks-gallery-item\"><figure><img loading=\"lazy\" width=\"722\" height=\"695\" src=\"https:\/\/ww2.ismaeljoyeros.com\/blog\/wp-content\/uploads\/2018\/04\/pulsera-personalizada.jpg\" alt=\"\" data-id=\"73075\" data-link=\"https:\/\/ww2.ismaeljoyeros.com\/blog\/un-regalo-de-sobresaliente-para-la-profe\/pulsera-personalizada\/\" class=\"wp-image-73075\" srcset=\"https:\/\/ismaeljoyeros.com\/blog\/wp-content\/uploads\/2018\/04\/pulsera-personalizada.jpg 722w, https:\/\/ismaeljoyeros.com\/blog\/wp-content\/uploads\/2018\/04\/pulsera-personalizada-300x289.jpg 300w\" sizes=\"(max-width: 722px) 100vw, 722px\" \/><\/figure><\/li><li class=\"blocks-gallery-item\"><figure><img loading=\"lazy\" width=\"800\" height=\"800\" src=\"https:\/\/ww2.ismaeljoyeros.com\/blog\/wp-content\/uploads\/2019\/05\/collar-para-la-profe.jpg\" alt=\"\" data-id=\"73420\" data-link=\"https:\/\/ww2.ismaeljoyeros.com\/blog\/regalos-especiales-para-profes\/collar-para-la-profe\/\" class=\"wp-image-73420\" srcset=\"https:\/\/ismaeljoyeros.com\/blog\/wp-content\/uploads\/2019\/05\/collar-para-la-profe.jpg 800w, https:\/\/ismaeljoyeros.com\/blog\/wp-content\/uploads\/2019\/05\/collar-para-la-profe-150x150.jpg 150w, https:\/\/ismaeljoyeros.com\/blog\/wp-content\/uploads\/2019\/05\/collar-para-la-profe-300x300.jpg 300w, https:\/\/ismaeljoyeros.com\/blog\/wp-content\/uploads\/2019\/05\/collar-para-la-profe-768x768.jpg 768w\" sizes=\"(max-width: 800px) 100vw, 800px\" \/><\/figure><\/li><\/ul>\n\n\n\n<ul class=\"wp-block-gallery columns-3 is-cropped\"><li class=\"blocks-gallery-item\"><figure><img loading=\"lazy\" width=\"800\" height=\"721\" src=\"https:\/\/ww2.ismaeljoyeros.com\/blog\/wp-content\/uploads\/2018\/04\/regla-para-profes.jpg\" alt=\"\" data-id=\"73076\" data-link=\"https:\/\/ww2.ismaeljoyeros.com\/blog\/un-regalo-de-sobresaliente-para-la-profe\/regla-para-profes\/\" class=\"wp-image-73076\" srcset=\"https:\/\/ismaeljoyeros.com\/blog\/wp-content\/uploads\/2018\/04\/regla-para-profes.jpg 800w, https:\/\/ismaeljoyeros.com\/blog\/wp-content\/uploads\/2018\/04\/regla-para-profes-300x270.jpg 300w, https:\/\/ismaeljoyeros.com\/blog\/wp-content\/uploads\/2018\/04\/regla-para-profes-768x692.jpg 768w\" sizes=\"(max-width: 800px) 100vw, 800px\" \/><\/figure><\/li><li class=\"blocks-gallery-item\"><figure><img loading=\"lazy\" width=\"800\" height=\"800\" src=\"https:\/\/ww2.ismaeljoyeros.com\/blog\/wp-content\/uploads\/2019\/05\/marcapaginas-de-acero-3876mm.jpg\" alt=\"\" data-id=\"73426\" data-link=\"https:\/\/ww2.ismaeljoyeros.com\/blog\/regalos-especiales-para-profes\/marcapaginas-de-acero-3876mm-2\/\" class=\"wp-image-73426\" srcset=\"https:\/\/ismaeljoyeros.com\/blog\/wp-content\/uploads\/2019\/05\/marcapaginas-de-acero-3876mm.jpg 800w, https:\/\/ismaeljoyeros.com\/blog\/wp-content\/uploads\/2019\/05\/marcapaginas-de-acero-3876mm-150x150.jpg 150w, https:\/\/ismaeljoyeros.com\/blog\/wp-content\/uploads\/2019\/05\/marcapaginas-de-acero-3876mm-300x300.jpg 300w, https:\/\/ismaeljoyeros.com\/blog\/wp-content\/uploads\/2019\/05\/marcapaginas-de-acero-3876mm-768x768.jpg 768w\" sizes=\"(max-width: 800px) 100vw, 800px\" \/><\/figure><\/li><li class=\"blocks-gallery-item\"><figure><img loading=\"lazy\" width=\"800\" height=\"800\" src=\"https:\/\/ww2.ismaeljoyeros.com\/blog\/wp-content\/uploads\/2019\/05\/marcapaginas-de-acero-3876mm-1.jpg\" alt=\"\" data-id=\"73427\" data-link=\"https:\/\/ww2.ismaeljoyeros.com\/blog\/regalos-especiales-para-profes\/marcapaginas-de-acero-3876mm-1\/\" class=\"wp-image-73427\" srcset=\"https:\/\/ismaeljoyeros.com\/blog\/wp-content\/uploads\/2019\/05\/marcapaginas-de-acero-3876mm-1.jpg 800w, https:\/\/ismaeljoyeros.com\/blog\/wp-content\/uploads\/2019\/05\/marcapaginas-de-acero-3876mm-1-150x150.jpg 150w, https:\/\/ismaeljoyeros.com\/blog\/wp-content\/uploads\/2019\/05\/marcapaginas-de-acero-3876mm-1-300x300.jpg 300w, https:\/\/ismaeljoyeros.com\/blog\/wp-content\/uploads\/2019\/05\/marcapaginas-de-acero-3876mm-1-768x768.jpg 768w\" sizes=\"(max-width: 800px) 100vw, 800px\" \/><\/figure><\/li><\/ul>\n\n\n\n<h2><a href=\"https:\/\/ismaeljoyeros.com\/68-para-la-profe\">&gt;&gt;&gt; HAZ CLIC AQU\u00cd y descubre todos los regalos personalizados para profes! &lt;&lt;&lt; <\/a> <\/h2>\n\n\n\n<p>Todas las joyas, elaboradas en plata o acero, pueden grabarse con los nombres de los ni\u00f1os escritos en una tipograf\u00eda est\u00e1ndar o manuscrita, de su pu\u00f1o y letra. Esta \u00faltima opci\u00f3n, que llevamos a cabo gracias a la \u00faltima tecnolog\u00eda de grabaci\u00f3n l\u00e1ser en joyer\u00eda, es la m\u00e1s demandada. Y es que, el resultado es realmente bonito, pues parece reflejar el aprendizaje de cada uno de los peque\u00f1os.<\/p>\n\n\n\n<p>Concebidas como un regalo grupal, resultan un obsequio muy econ\u00f3mico ya que suele dividirse el importe total entre un grupo numeroso de personas. En estas fechas, la pulsera para la profesora se convierte en la pieza estrella de nuestra tienda online. Est\u00e1 disponible en dos anchuras diferentes y en varios modelos distintos. Adem\u00e1s, ofrecemos tres dise\u00f1os diferentes de collar, una opci\u00f3n muy coqueta. Para ellos, disponemos tambi\u00e9n de reglas y marcap\u00e1ginas, dos propuestas muy \u00fatiles que acompa\u00f1ar\u00e1n en el d\u00eda a d\u00eda al maestro. <\/p>\n\n\n\n<h3><strong>*GU\u00cdA DE PREGUNTAS FRECUENTES sobre los REGALOS PERSONALIZADOS PARA PROFES:<\/strong><\/h3>\n\n\n\n<p>Quiz\u00e1s a la hora de hacer tu pedido puedas encontrarte con alguna de estas preguntas. Si tienes cualquier otro tipo de pregunta, no dudes en contactarnos y te responderemos encantados con la mayor brevedad:<\/p>\n\n\n\n<p><strong>\u00bfCuantos d\u00edas tardar\u00e9 en recibir el pedido?<\/strong><br>En el plazo de 7 d\u00edas desde la fecha en que realices tu pedido a trav\u00e9s de nuestra tienda online, lo recibir\u00e1s en la direcci\u00f3n indicada.<\/p>\n\n\n\n<p><strong>\u00bfCu\u00e1les son las formas de pago?<\/strong><br>Puedes adquirir este producto en nuestra tienda online mediante pago con VISA o Paypal.<\/p>\n\n\n\n<p><strong>\u00bfRealiz\u00e1is pedidos a toda Espa\u00f1a?<\/strong><br>Actualmente realizamos env\u00edos a la Pen\u00ednsula y Baleares.<\/p>\n\n\n\n<p><strong>\u00bfCu\u00e1les son los gastos de env\u00edo del producto?<\/strong><br>Espa\u00f1a (Pen\u00ednsula): Portes gratis en pedidos de importe superior a 119 \u20ac (21% IVA incluido). Para pedidos de importe inferior, se cobrar\u00e1n 6 \u20ac en concepto de gastos de env\u00edo. <\/p>\n\n\n\n<p>Espa\u00f1a (Baleares): Portes 6\u20ac en pedidos de importe superior a 119 \u20ac (21% IVA incluido). Para pedidos de importe inferior, se cobrar\u00e1n 12 \u20ac en concepto de gastos de env\u00edo.<\/p>\n\n\n\n<p><strong>\u00bfCobr\u00e1is alg\u00fan tipo de extra por grabar los nombres?<\/strong><br>No, la grabaci\u00f3n est\u00e1 incluido en el precio del producto que ves en la p\u00e1gina.<\/p>\n\n\n\n<p><strong>\u00bfVar\u00eda el precio seg\u00fan la cantidad de nombres a grabar?<\/strong> <br>No, el precio es el mismo. Por el precio del producto que ves en la p\u00e1gina grabaremos los nombres que nos indiques. <\/p>\n\n\n\n<p><\/p>\n\n\n\n<p><strong>\u00bfCu\u00e1ntos nombres es posible grabar en una pieza?                                         <\/strong>Por cuestiones de espacio y legibilidad, en las pulseras podemos grabar hasta 30 nombres y en los collares hasta 20, aproximadamente. El marcap\u00e1ginas o la regla nos ofrecen mayor superficie de grabaci\u00f3n. <strong>                           <\/strong><\/p>\n\n\n\n<p><strong>Si quiero que los nombres de los ni\u00f1os sean manuscritos, \u00bfc\u00f3mo os hago llegar las firmas de los ni\u00f1os? <\/strong><br>Simplemente deber\u00e1s hacer escribir a los ni\u00f1os su nombre en un folio blanco con un bol\u00edgrafo normal azul o negro, escanearlo o fotografiarlo y subir el archivo en la pesta\u00f1a \u00abpersonalizaci\u00f3n\u00bb que encontrar\u00e1s en la ficha del producto.<\/p>\n\n\n\n<p><strong>Me gustar\u00eda que la pieza tuviese un dibujito que han realizado los ni\u00f1os\u2026<\/strong><br>Por supuesto. Es posible si eliges la versi\u00f3n manuscrita. Sube tambi\u00e9n el archivo con el dibujito escaneado o fotografiado en la pesta\u00f1a \u00abpersonalizaci\u00f3n\u00bb que encontrar\u00e9is en la ficha del producto. La pieza nos ofrece much\u00edsimas posibilidades: es un regalo 100% personalizable. <\/p>\n\n\n\n<p><\/p>\n","protected":false},"excerpt":{"rendered":"<p>El fin de curso ya est\u00e1 a la vuelta de la esquina y toda la clase va a echar much\u00edsimo [&hellip;]<\/p>\n","protected":false},"author":3,"featured_media":73440,"comment_status":"closed","ping_status":"closed","sticky":false,"template":"","format":"standard","meta":[],"categories":[2,8],"tags":[222,223,195,224,153,152,151],"_links":{"self":[{"href":"https:\/\/ismaeljoyeros.com\/blog\/wp-json\/wp\/v2\/posts\/73402"}],"collection":[{"href":"https:\/\/ismaeljoyeros.com\/blog\/wp-json\/wp\/v2\/posts"}],"about":[{"href":"https:\/\/ismaeljoyeros.com\/blog\/wp-json\/wp\/v2\/types\/post"}],"author":[{"embeddable":true,"href":"https:\/\/ismaeljoyeros.com\/blog\/wp-json\/wp\/v2\/users\/3"}],"replies":[{"embeddable":true,"href":"https:\/\/ismaeljoyeros.com\/blog\/wp-json\/wp\/v2\/comments?post=73402"}],"version-history":[{"count":35,"href":"https:\/\/ismaeljoyeros.com\/blog\/wp-json\/wp\/v2\/posts\/73402\/revisions"}],"predecessor-version":[{"id":73458,"href":"https:\/\/ismaeljoyeros.com\/blog\/wp-json\/wp\/v2\/posts\/73402\/revisions\/73458"}],"wp:featuredmedia":[{"embeddable":true,"href":"https:\/\/ismaeljoyeros.com\/blog\/wp-json\/wp\/v2\/media\/73440"}],"wp:attachment":[{"href":"https:\/\/ismaeljoyeros.com\/blog\/wp-json\/wp\/v2\/media?parent=73402"}],"wp:term":[{"taxonomy":"category","embeddable":true,"href":"https:\/\/ismaeljoyeros.com\/blog\/wp-json\/wp\/v2\/categories?post=73402"},{"taxonomy":"post_tag","embeddable":true,"href":"https:\/\/ismaeljoyeros.com\/blog\/wp-json\/wp\/v2\/tags?post=73402"}],"curies":[{"name":"wp","href":"https:\/\/api.w.org\/{rel}","templated":true}]}}