{"id":73248,"date":"2018-07-01T19:02:36","date_gmt":"2018-07-01T19:02:36","guid":{"rendered":"https:\/\/ww2.ismaeljoyeros.com\/blog\/?p=73248"},"modified":"2018-07-02T09:17:51","modified_gmt":"2018-07-02T09:17:51","slug":"yo-diseno-mi-joya-nueva-seccion-de-joyas-personalizadas","status":"publish","type":"post","link":"https:\/\/ismaeljoyeros.com\/blog\/yo-diseno-mi-joya-nueva-seccion-de-joyas-personalizadas\/","title":{"rendered":"\u00a1Yo dise\u00f1o mi joya!, nueva secci\u00f3n de joyas personalizadas"},"content":{"rendered":"<p>Hoy os damos a conocer una nueva secci\u00f3n de personalizaci\u00f3n en nuestra web: <a href=\"https:\/\/ismaeljoyeros.com\/102-yo-diseno-mi-joya-\">\u00a1Yo dise\u00f1o mi joya!<\/a> Desde ella, podr\u00e1s dise\u00f1ar tu propia pulsera o collar y adem\u00e1s previsualizar como quedar\u00e1. Se trata de una joya \u00fanica que elaboraremos, a tu gusto, para ti. Hemos trabajado en un editor que hace que el proceso sea muy sencillo. \u00danicamente debes seleccionar el dibujito deseado e introducir el texto que grabaremos con nuestra tecnolog\u00eda l\u00e1ser, que erosiona el metal, d\u00e1ndole una gran durabilidad. Por supuesto, las letras no ser\u00e1n serigrafiadas ni esmaltadas en negro.<\/p>\n<p><img loading=\"lazy\" class=\"alignnone size-full wp-image-73249\" src=\"https:\/\/ww2.ismaeljoyeros.com\/blog\/wp-content\/uploads\/2018\/07\/Slider-personalizadas.png\" alt=\"\" width=\"1136\" height=\"492\" srcset=\"https:\/\/ismaeljoyeros.com\/blog\/wp-content\/uploads\/2018\/07\/Slider-personalizadas.png 1136w, https:\/\/ismaeljoyeros.com\/blog\/wp-content\/uploads\/2018\/07\/Slider-personalizadas-300x130.png 300w, https:\/\/ismaeljoyeros.com\/blog\/wp-content\/uploads\/2018\/07\/Slider-personalizadas-768x333.png 768w, https:\/\/ismaeljoyeros.com\/blog\/wp-content\/uploads\/2018\/07\/Slider-personalizadas-1024x443.png 1024w\" sizes=\"(max-width: 1136px) 100vw, 1136px\" \/><\/p>\n<p>Durante todo momento previsualizar\u00e1s la joya en la pantalla, que va incorporando los cambios que t\u00fa vas manejando desde el editor. As\u00ed pues, podr\u00e1s hacer tantas pruebas como quieras y ver el resultado inmediatamente. Si estabas buscando un complemento \u00fanico, que diga mucho de ti: \u00a1este es el tuyo! Y, por supuesto, una joya personalizada es tambi\u00e9n un gran detalle para regalar esa persona tan especial a la que sabes que le va a encantar.<\/p>\n<p>El proceso para dise\u00f1ar tu propia joya es muy c\u00f3modo y f\u00e1cil. A continuaci\u00f3n te guiamos en los pasos que deber\u00e1s seguir:<\/p>\n<p>&nbsp;<\/p>\n<p><strong><img loading=\"lazy\" class=\"alignnone size-full wp-image-73250\" src=\"https:\/\/ww2.ismaeljoyeros.com\/blog\/wp-content\/uploads\/2018\/07\/35515237_10160502659845313_8001427049136783360_n-copia.png\" alt=\"\" width=\"960\" height=\"604\" srcset=\"https:\/\/ismaeljoyeros.com\/blog\/wp-content\/uploads\/2018\/07\/35515237_10160502659845313_8001427049136783360_n-copia.png 960w, https:\/\/ismaeljoyeros.com\/blog\/wp-content\/uploads\/2018\/07\/35515237_10160502659845313_8001427049136783360_n-copia-300x189.png 300w, https:\/\/ismaeljoyeros.com\/blog\/wp-content\/uploads\/2018\/07\/35515237_10160502659845313_8001427049136783360_n-copia-768x483.png 768w\" sizes=\"(max-width: 960px) 100vw, 960px\" \/><\/strong><\/p>\n<p>&nbsp;<\/p>\n<p><strong>&#8211; Selecciona tu joya.<\/strong> En la secci\u00f3n \u00ab<a href=\"https:\/\/ismaeljoyeros.com\/102-yo-diseno-mi-joya-\">\u00a1Yo dise\u00f1o mi joya!<\/a>\u00bb encontrar\u00e1s varios modelos diferentes de collares y pulsares. Haz clic en el producto que m\u00e1s te guste.<\/p>\n<p><strong>&#8211; Parte delantera.<\/strong> La parte delantera de la joya, puedes personalizarla con un dibujo y\/o un texto. En la zona de la derecha de la pantalla encontrar\u00e1s todos los campos de personalizaci\u00f3n. Puedes seleccionar uno de los dibujitos que te proponemos o subir tu dise\u00f1o propio (con un suplemento de 15\u20ac). Adem\u00e1s puedes escribir el texto que quieras introducir y seleccionar la tipograf\u00eda que m\u00e1s te guste de cuantas te mostramos. Tambi\u00e9n tienes la opci\u00f3n de modificar el tama\u00f1o y la posici\u00f3n tanto de la imagen como del texto. En la zona de la izquierda de la pantalla, ver\u00e1s que aparece una previsualizaci\u00f3n de la pieza que se ir\u00e1 modificando conforme vayas seleccionando los distintos elementos.<\/p>\n<p><strong>&#8211; Parte trasera.<\/strong> En la parte trasera te damos la opci\u00f3n de grabar un texto. Para seleccionar la parte trasera de la pieza simplemente deber\u00e1s seleccionar el bot\u00f3n \u00abdetr\u00e1s\u00bb que aparece justo encima de la joya previsualizada.<\/p>\n<p><strong>&#8211; A\u00f1adir al carrito.<\/strong> Una vez la pieza haya quedado como quer\u00edas, confirma tu pedido a\u00f1adi\u00e9ndolo al carrito y contin\u00faa con tu proceso de compra. Recuerda, el grabado es totalmente gratis. Solo tendr\u00e1 un recargo de 15\u20ac si subes tu propio dibujo.<\/p>\n<p>Como ves, es muy f\u00e1cil y si tuvieras cualquier duda durante la personalizaci\u00f3n de tu producto, solo tienes que contactar con nosotros para que podamos guiarte.<\/p>\n","protected":false},"excerpt":{"rendered":"<p>Hoy os damos a conocer una nueva secci\u00f3n de personalizaci\u00f3n en nuestra web: \u00a1Yo dise\u00f1o mi joya! Desde ella, podr\u00e1s [&hellip;]<\/p>\n","protected":false},"author":3,"featured_media":73264,"comment_status":"closed","ping_status":"closed","sticky":false,"template":"","format":"standard","meta":[],"categories":[2,8,5,1],"tags":[200,199,197,12,201,202,15,198],"_links":{"self":[{"href":"https:\/\/ismaeljoyeros.com\/blog\/wp-json\/wp\/v2\/posts\/73248"}],"collection":[{"href":"https:\/\/ismaeljoyeros.com\/blog\/wp-json\/wp\/v2\/posts"}],"about":[{"href":"https:\/\/ismaeljoyeros.com\/blog\/wp-json\/wp\/v2\/types\/post"}],"author":[{"embeddable":true,"href":"https:\/\/ismaeljoyeros.com\/blog\/wp-json\/wp\/v2\/users\/3"}],"replies":[{"embeddable":true,"href":"https:\/\/ismaeljoyeros.com\/blog\/wp-json\/wp\/v2\/comments?post=73248"}],"version-history":[{"count":4,"href":"https:\/\/ismaeljoyeros.com\/blog\/wp-json\/wp\/v2\/posts\/73248\/revisions"}],"predecessor-version":[{"id":73263,"href":"https:\/\/ismaeljoyeros.com\/blog\/wp-json\/wp\/v2\/posts\/73248\/revisions\/73263"}],"wp:featuredmedia":[{"embeddable":true,"href":"https:\/\/ismaeljoyeros.com\/blog\/wp-json\/wp\/v2\/media\/73264"}],"wp:attachment":[{"href":"https:\/\/ismaeljoyeros.com\/blog\/wp-json\/wp\/v2\/media?parent=73248"}],"wp:term":[{"taxonomy":"category","embeddable":true,"href":"https:\/\/ismaeljoyeros.com\/blog\/wp-json\/wp\/v2\/categories?post=73248"},{"taxonomy":"post_tag","embeddable":true,"href":"https:\/\/ismaeljoyeros.com\/blog\/wp-json\/wp\/v2\/tags?post=73248"}],"curies":[{"name":"wp","href":"https:\/\/api.w.org\/{rel}","templated":true}]}}