{"id":73145,"date":"2018-01-23T12:29:18","date_gmt":"2018-01-23T12:29:18","guid":{"rendered":"https:\/\/ww2.ismaeljoyeros.com\/blog\/?p=73145"},"modified":"2018-04-06T11:42:57","modified_gmt":"2018-04-06T11:42:57","slug":"joyas-muy-especiales-para-mamas","status":"publish","type":"post","link":"https:\/\/ismaeljoyeros.com\/blog\/joyas-muy-especiales-para-mamas\/","title":{"rendered":"Joyas muy especiales para mam\u00e1s"},"content":{"rendered":"<p>\u00a1Para la mam\u00e1 de Valle y Rafa! Este colgante de plata, personalizado con el nombre de sus hijos, incorpora tambi\u00e9n la piedra de nacimiento que le corresponde a cada uno de ellos. Esmeralda, para los nacidos en mayo, y rub\u00ed, para los del mes de septiembre.<\/p>\n<p><img loading=\"lazy\" class=\"alignnone size-full wp-image-73146\" src=\"https:\/\/ww2.ismaeljoyeros.com\/blog\/wp-content\/uploads\/2018\/04\/Colgante_Pies.png\" alt=\"\" width=\"800\" height=\"800\" srcset=\"https:\/\/ismaeljoyeros.com\/blog\/wp-content\/uploads\/2018\/04\/Colgante_Pies.png 800w, https:\/\/ismaeljoyeros.com\/blog\/wp-content\/uploads\/2018\/04\/Colgante_Pies-150x150.png 150w, https:\/\/ismaeljoyeros.com\/blog\/wp-content\/uploads\/2018\/04\/Colgante_Pies-300x300.png 300w, https:\/\/ismaeljoyeros.com\/blog\/wp-content\/uploads\/2018\/04\/Colgante_Pies-768x768.png 768w\" sizes=\"(max-width: 800px) 100vw, 800px\" \/><\/p>\n","protected":false},"excerpt":{"rendered":"<p>\u00a1Para la mam\u00e1 de Valle y Rafa! Este colgante de plata, personalizado con el nombre de sus hijos, incorpora tambi\u00e9n [&hellip;]<\/p>\n","protected":false},"author":3,"featured_media":73146,"comment_status":"closed","ping_status":"closed","sticky":false,"template":"","format":"standard","meta":[],"categories":[8,5],"tags":[167,145,177,175,29,176],"_links":{"self":[{"href":"https:\/\/ismaeljoyeros.com\/blog\/wp-json\/wp\/v2\/posts\/73145"}],"collection":[{"href":"https:\/\/ismaeljoyeros.com\/blog\/wp-json\/wp\/v2\/posts"}],"about":[{"href":"https:\/\/ismaeljoyeros.com\/blog\/wp-json\/wp\/v2\/types\/post"}],"author":[{"embeddable":true,"href":"https:\/\/ismaeljoyeros.com\/blog\/wp-json\/wp\/v2\/users\/3"}],"replies":[{"embeddable":true,"href":"https:\/\/ismaeljoyeros.com\/blog\/wp-json\/wp\/v2\/comments?post=73145"}],"version-history":[{"count":1,"href":"https:\/\/ismaeljoyeros.com\/blog\/wp-json\/wp\/v2\/posts\/73145\/revisions"}],"predecessor-version":[{"id":73151,"href":"https:\/\/ismaeljoyeros.com\/blog\/wp-json\/wp\/v2\/posts\/73145\/revisions\/73151"}],"wp:featuredmedia":[{"embeddable":true,"href":"https:\/\/ismaeljoyeros.com\/blog\/wp-json\/wp\/v2\/media\/73146"}],"wp:attachment":[{"href":"https:\/\/ismaeljoyeros.com\/blog\/wp-json\/wp\/v2\/media?parent=73145"}],"wp:term":[{"taxonomy":"category","embeddable":true,"href":"https:\/\/ismaeljoyeros.com\/blog\/wp-json\/wp\/v2\/categories?post=73145"},{"taxonomy":"post_tag","embeddable":true,"href":"https:\/\/ismaeljoyeros.com\/blog\/wp-json\/wp\/v2\/tags?post=73145"}],"curies":[{"name":"wp","href":"https:\/\/api.w.org\/{rel}","templated":true}]}}