{"id":73116,"date":"2018-01-10T11:06:01","date_gmt":"2018-01-10T11:06:01","guid":{"rendered":"https:\/\/ww2.ismaeljoyeros.com\/blog\/?p=73116"},"modified":"2018-04-06T11:11:15","modified_gmt":"2018-04-06T11:11:15","slug":"anillo-de-aguamarina-natural","status":"publish","type":"post","link":"https:\/\/ismaeljoyeros.com\/blog\/anillo-de-aguamarina-natural\/","title":{"rendered":"Anillo de aguamarina natural"},"content":{"rendered":"<p>Por fin sacamos un ratito para mostraros los encargos m\u00e1s especiales que hemos recibido durante las \u00faltimas semanas. Tuvimos el lujo de dise\u00f1ar este anillo de oro blanco, diamantes y aguamarina natural. \u00a1Una piedra tan fascinante como un mar cristalino!<\/p>\n<p><img loading=\"lazy\" class=\"alignnone size-full wp-image-73117\" src=\"https:\/\/ww2.ismaeljoyeros.com\/blog\/wp-content\/uploads\/2018\/04\/Anillo_Aguamarina.png\" alt=\"\" width=\"800\" height=\"800\" srcset=\"https:\/\/ismaeljoyeros.com\/blog\/wp-content\/uploads\/2018\/04\/Anillo_Aguamarina.png 800w, https:\/\/ismaeljoyeros.com\/blog\/wp-content\/uploads\/2018\/04\/Anillo_Aguamarina-150x150.png 150w, https:\/\/ismaeljoyeros.com\/blog\/wp-content\/uploads\/2018\/04\/Anillo_Aguamarina-300x300.png 300w, https:\/\/ismaeljoyeros.com\/blog\/wp-content\/uploads\/2018\/04\/Anillo_Aguamarina-768x768.png 768w\" sizes=\"(max-width: 800px) 100vw, 800px\" \/><\/p>\n","protected":false},"excerpt":{"rendered":"<p>Por fin sacamos un ratito para mostraros los encargos m\u00e1s especiales que hemos recibido durante las \u00faltimas semanas. Tuvimos el [&hellip;]<\/p>\n","protected":false},"author":3,"featured_media":73117,"comment_status":"closed","ping_status":"closed","sticky":false,"template":"","format":"standard","meta":[],"categories":[5,9],"tags":[47,32,34,12,29],"_links":{"self":[{"href":"https:\/\/ismaeljoyeros.com\/blog\/wp-json\/wp\/v2\/posts\/73116"}],"collection":[{"href":"https:\/\/ismaeljoyeros.com\/blog\/wp-json\/wp\/v2\/posts"}],"about":[{"href":"https:\/\/ismaeljoyeros.com\/blog\/wp-json\/wp\/v2\/types\/post"}],"author":[{"embeddable":true,"href":"https:\/\/ismaeljoyeros.com\/blog\/wp-json\/wp\/v2\/users\/3"}],"replies":[{"embeddable":true,"href":"https:\/\/ismaeljoyeros.com\/blog\/wp-json\/wp\/v2\/comments?post=73116"}],"version-history":[{"count":1,"href":"https:\/\/ismaeljoyeros.com\/blog\/wp-json\/wp\/v2\/posts\/73116\/revisions"}],"predecessor-version":[{"id":73122,"href":"https:\/\/ismaeljoyeros.com\/blog\/wp-json\/wp\/v2\/posts\/73116\/revisions\/73122"}],"wp:featuredmedia":[{"embeddable":true,"href":"https:\/\/ismaeljoyeros.com\/blog\/wp-json\/wp\/v2\/media\/73117"}],"wp:attachment":[{"href":"https:\/\/ismaeljoyeros.com\/blog\/wp-json\/wp\/v2\/media?parent=73116"}],"wp:term":[{"taxonomy":"category","embeddable":true,"href":"https:\/\/ismaeljoyeros.com\/blog\/wp-json\/wp\/v2\/categories?post=73116"},{"taxonomy":"post_tag","embeddable":true,"href":"https:\/\/ismaeljoyeros.com\/blog\/wp-json\/wp\/v2\/tags?post=73116"}],"curies":[{"name":"wp","href":"https:\/\/api.w.org\/{rel}","templated":true}]}}