{"id":678,"date":"2017-01-25T09:51:36","date_gmt":"2017-01-25T09:51:36","guid":{"rendered":"https:\/\/ww2.ismaeljoyeros.com\/blog\/?p=678"},"modified":"2018-03-19T09:20:46","modified_gmt":"2018-03-19T09:20:46","slug":"recopilamos-ultimos-encargos-mas-curiosos","status":"publish","type":"post","link":"https:\/\/ismaeljoyeros.com\/blog\/recopilamos-ultimos-encargos-mas-curiosos\/","title":{"rendered":"Recopilamos algunos de nuestros \u00faltimos encargos m\u00e1s curiosos"},"content":{"rendered":"<p>Pendientes musicales, anillos que literalmente dicen \u00abte quiero\u00bb, un colgante astur-riojano, un \u00abllavero diana\u00bb y una tarjeta de aluminio anodizado con foto, son algunos de nuestros \u00faltimos encargos m\u00e1s peculiares. Si ech\u00e1ndoles un vistazo te surge\u00a0alguna idea, solo tienes que cont\u00e1rnosla y nosotros le damos forma&#8230;<\/p>\n<p><!--more--><\/p>\n<p>\u00a1Pendientes musicales! Para una enamorada de la trompa, nos pidieron que realiz\u00e1ramos estos pendientes de oro tan singulares. Como vais viendo, no hay reto que se nos resista. \u00bfBuscas una joya tan especial como ella? Cu\u00e9ntanos que idea llevas y nosotros le daremos vida en nuestro taller <span class=\"_5mfr _47e3\"><img loading=\"lazy\" class=\"img\" src=\"https:\/\/www.facebook.com\/images\/emoji.php\/v7\/fcc\/1\/16\/1f3bc.png\" alt=\"\" width=\"16\" height=\"16\" \/><\/span><\/p>\n<p><img loading=\"lazy\" class=\"alignnone wp-image-682 \" src=\"https:\/\/ww2.ismaeljoyeros.com\/blog\/wp-content\/uploads\/2017\/02\/Pendientes_trompa.png\" alt=\"Pendientes_trompa\" width=\"466\" height=\"466\" srcset=\"https:\/\/ismaeljoyeros.com\/blog\/wp-content\/uploads\/2017\/02\/Pendientes_trompa.png 800w, https:\/\/ismaeljoyeros.com\/blog\/wp-content\/uploads\/2017\/02\/Pendientes_trompa-150x150.png 150w, https:\/\/ismaeljoyeros.com\/blog\/wp-content\/uploads\/2017\/02\/Pendientes_trompa-300x300.png 300w, https:\/\/ismaeljoyeros.com\/blog\/wp-content\/uploads\/2017\/02\/Pendientes_trompa-768x768.png 768w\" sizes=\"(max-width: 466px) 100vw, 466px\" \/><\/p>\n<p>La \u00faltima tecnolog\u00eda de corte por l\u00e1ser que tenemos en nuestro taller, nos permite jugar a vuestro antojo creando piezas \u00fanicas, sorprendentes e irrepetibles. Como ejemplo, estas curiosas alianzas que nos encarg\u00f3 una pareja. Son la representaci\u00f3n de las ondas sonoras cuando uno pronuncia al otro \u00abte quiero\u00bb <span class=\"_5mfr _47e3\"><img loading=\"lazy\" class=\"img\" src=\"https:\/\/www.facebook.com\/images\/emoji.php\/v7\/fe9\/1\/16\/1f469_200d_2764_200d_1f468.png\" alt=\"\" width=\"16\" height=\"16\" \/><\/span><\/p>\n<p><img loading=\"lazy\" class=\"alignnone wp-image-679 \" src=\"https:\/\/ww2.ismaeljoyeros.com\/blog\/wp-content\/uploads\/2017\/02\/Alianzas_onda_voz.png\" alt=\"Alianzas_onda_voz\" width=\"477\" height=\"477\" srcset=\"https:\/\/ismaeljoyeros.com\/blog\/wp-content\/uploads\/2017\/02\/Alianzas_onda_voz.png 800w, https:\/\/ismaeljoyeros.com\/blog\/wp-content\/uploads\/2017\/02\/Alianzas_onda_voz-150x150.png 150w, https:\/\/ismaeljoyeros.com\/blog\/wp-content\/uploads\/2017\/02\/Alianzas_onda_voz-300x300.png 300w, https:\/\/ismaeljoyeros.com\/blog\/wp-content\/uploads\/2017\/02\/Alianzas_onda_voz-768x768.png 768w\" sizes=\"(max-width: 477px) 100vw, 477px\" \/><\/p>\n<p>\u00a1Un colgante astur-riojano! Os mostramos otro de nuestros \u00faltimos pedidos peculiares, que en esta ocasi\u00f3n nos lleg\u00f3 desde La Rioja. El cliente quer\u00eda una pieza que uniera la silueta de las dos tierras en las que se reparte su coraz\u00f3n. Reto superado.<\/p>\n<p><img loading=\"lazy\" class=\"alignnone wp-image-680 \" src=\"https:\/\/ww2.ismaeljoyeros.com\/blog\/wp-content\/uploads\/2017\/02\/colgante_mapas.png\" alt=\"colgante_mapas\" width=\"483\" height=\"483\" srcset=\"https:\/\/ismaeljoyeros.com\/blog\/wp-content\/uploads\/2017\/02\/colgante_mapas.png 800w, https:\/\/ismaeljoyeros.com\/blog\/wp-content\/uploads\/2017\/02\/colgante_mapas-150x150.png 150w, https:\/\/ismaeljoyeros.com\/blog\/wp-content\/uploads\/2017\/02\/colgante_mapas-300x300.png 300w, https:\/\/ismaeljoyeros.com\/blog\/wp-content\/uploads\/2017\/02\/colgante_mapas-768x768.png 768w\" sizes=\"(max-width: 483px) 100vw, 483px\" \/><\/p>\n<p>\u00a1Dimos en la diana con este llavero! Una clienta nos pidi\u00f3 una pieza que sorprendiese a su pareja, un gran aficionado a los dardos. La punta del dardo y el centro de la diana son de oro y el resto en plata de ley \u00a0<span class=\"_5mfr _47e3\"><img loading=\"lazy\" class=\"img\" src=\"https:\/\/www.facebook.com\/images\/emoji.php\/v7\/fb0\/1\/16\/1f3af.png\" alt=\"\" width=\"16\" height=\"16\" \/><\/span><\/p>\n<p><img loading=\"lazy\" class=\"alignnone wp-image-681 \" src=\"https:\/\/ww2.ismaeljoyeros.com\/blog\/wp-content\/uploads\/2017\/02\/Llavero_diana_dardo.png\" alt=\"Llavero_diana_dardo\" width=\"484\" height=\"484\" srcset=\"https:\/\/ismaeljoyeros.com\/blog\/wp-content\/uploads\/2017\/02\/Llavero_diana_dardo.png 800w, https:\/\/ismaeljoyeros.com\/blog\/wp-content\/uploads\/2017\/02\/Llavero_diana_dardo-150x150.png 150w, https:\/\/ismaeljoyeros.com\/blog\/wp-content\/uploads\/2017\/02\/Llavero_diana_dardo-300x300.png 300w, https:\/\/ismaeljoyeros.com\/blog\/wp-content\/uploads\/2017\/02\/Llavero_diana_dardo-768x768.png 768w\" sizes=\"(max-width: 484px) 100vw, 484px\" \/><\/p>\n<p>Esta tarjeta de aluminio anodizado con imagen y texto, a tama\u00f1o tarjeta, es la alternativa ideal a esas peque\u00f1as fotos de carnet que guardamos en la cartera y que siempre se acaban deteriorando&#8230; \u00a1Recuerdos imborrables que permanecer\u00e1n inalterables con el paso del tiempo!<\/p>\n<p><img loading=\"lazy\" class=\"alignnone wp-image-683 \" src=\"https:\/\/ww2.ismaeljoyeros.com\/blog\/wp-content\/uploads\/2017\/02\/Tarjeta_aluminio-1024x683.jpg\" alt=\"Tarjeta_aluminio\" width=\"496\" height=\"331\" srcset=\"https:\/\/ismaeljoyeros.com\/blog\/wp-content\/uploads\/2017\/02\/Tarjeta_aluminio-1024x683.jpg 1024w, https:\/\/ismaeljoyeros.com\/blog\/wp-content\/uploads\/2017\/02\/Tarjeta_aluminio-300x200.jpg 300w, https:\/\/ismaeljoyeros.com\/blog\/wp-content\/uploads\/2017\/02\/Tarjeta_aluminio-768x512.jpg 768w, https:\/\/ismaeljoyeros.com\/blog\/wp-content\/uploads\/2017\/02\/Tarjeta_aluminio.jpg 1199w\" sizes=\"(max-width: 496px) 100vw, 496px\" \/><\/p>\n","protected":false},"excerpt":{"rendered":"<p>Pendientes musicales, anillos que literalmente dicen \u00abte quiero\u00bb, un colgante astur-riojano, un \u00abllavero diana\u00bb y una tarjeta de aluminio anodizado [&hellip;]<\/p>\n","protected":false},"author":2,"featured_media":679,"comment_status":"open","ping_status":"closed","sticky":false,"template":"","format":"standard","meta":[],"categories":[8],"tags":[22,23,12,15,24,19,20],"_links":{"self":[{"href":"https:\/\/ismaeljoyeros.com\/blog\/wp-json\/wp\/v2\/posts\/678"}],"collection":[{"href":"https:\/\/ismaeljoyeros.com\/blog\/wp-json\/wp\/v2\/posts"}],"about":[{"href":"https:\/\/ismaeljoyeros.com\/blog\/wp-json\/wp\/v2\/types\/post"}],"author":[{"embeddable":true,"href":"https:\/\/ismaeljoyeros.com\/blog\/wp-json\/wp\/v2\/users\/2"}],"replies":[{"embeddable":true,"href":"https:\/\/ismaeljoyeros.com\/blog\/wp-json\/wp\/v2\/comments?post=678"}],"version-history":[{"count":1,"href":"https:\/\/ismaeljoyeros.com\/blog\/wp-json\/wp\/v2\/posts\/678\/revisions"}],"predecessor-version":[{"id":72869,"href":"https:\/\/ismaeljoyeros.com\/blog\/wp-json\/wp\/v2\/posts\/678\/revisions\/72869"}],"wp:featuredmedia":[{"embeddable":true,"href":"https:\/\/ismaeljoyeros.com\/blog\/wp-json\/wp\/v2\/media\/679"}],"wp:attachment":[{"href":"https:\/\/ismaeljoyeros.com\/blog\/wp-json\/wp\/v2\/media?parent=678"}],"wp:term":[{"taxonomy":"category","embeddable":true,"href":"https:\/\/ismaeljoyeros.com\/blog\/wp-json\/wp\/v2\/categories?post=678"},{"taxonomy":"post_tag","embeddable":true,"href":"https:\/\/ismaeljoyeros.com\/blog\/wp-json\/wp\/v2\/tags?post=678"}],"curies":[{"name":"wp","href":"https:\/\/api.w.org\/{rel}","templated":true}]}}