{"id":669,"date":"2016-12-14T16:31:09","date_gmt":"2016-12-14T16:31:09","guid":{"rendered":"https:\/\/ww2.ismaeljoyeros.com\/blog\/?p=669"},"modified":"2018-03-19T09:20:47","modified_gmt":"2018-03-19T09:20:47","slug":"los-mejores-regalos","status":"publish","type":"post","link":"https:\/\/ismaeljoyeros.com\/blog\/los-mejores-regalos\/","title":{"rendered":"ESPECIAL NAVIDAD: \u00a1encuentra regalos para todos en nuestra web!"},"content":{"rendered":"<p>Joyas personalizadas, con nombre, y tambi\u00e9n piezas especiales para mam\u00e1s y abuelas. Elige entre un mont\u00f3n de modelos grabados, en plata y oro amarillo, blanco o rosa. Todo tu cari\u00f1o en forma de anillo, pulserita, colgante&#8230; En nuestra web encontrar\u00e1s ese detalle \u00fanico.<\/p>\n<p><!--more--><\/p>\n<p>PARA LA ABUELA, LA YAYA, LA ABU&#8230;<\/p>\n<p>\u00a1Porque se merece todo y m\u00e1s! Para la abuela, la yaya, la abu&#8230; va esta colecci\u00f3n de colgantes personalizables, disponibles en varios modelos de n\u00e1car y plata, oro amarillo u oro rosa, con la silueta de los peques y su inicial grabada. Haz ya tu encargo a trav\u00e9s de nuestra web y lo recibir\u00e1s en solo 7 d\u00edas: <a href=\"http:\/\/www.ismaeljoyeros.com\/es\/96-para-la-abuela\">www.ismaeljoyeros.com\/es\/96-para-la-abuela<\/a> ?<\/p>\n<p><img loading=\"lazy\" class=\"alignnone wp-image-670 size-large\" src=\"https:\/\/ww2.ismaeljoyeros.com\/blog\/wp-content\/uploads\/2017\/02\/collar-1-1024x538.jpg\" alt=\"collar (1)\" width=\"625\" height=\"328\" srcset=\"https:\/\/ismaeljoyeros.com\/blog\/wp-content\/uploads\/2017\/02\/collar-1-1024x538.jpg 1024w, https:\/\/ismaeljoyeros.com\/blog\/wp-content\/uploads\/2017\/02\/collar-1-300x158.jpg 300w, https:\/\/ismaeljoyeros.com\/blog\/wp-content\/uploads\/2017\/02\/collar-1-768x403.jpg 768w, https:\/\/ismaeljoyeros.com\/blog\/wp-content\/uploads\/2017\/02\/collar-1.jpg 1200w\" sizes=\"(max-width: 625px) 100vw, 625px\" \/><\/p>\n<p>PARA TU CHICA, TU HERMANA, TU AMIGA&#8230;<\/p>\n<p>Anillos, colgantes, placas y pulseritas con nombre, en diferentes modelos de plata, oro amarillo u oro rosa. Sorpr\u00e9ndele con un detalle que le encantar\u00e1. Haz tu pedido online y lo recibir\u00e1s en el plazo de 7 d\u00edas, listo para regalar: www.ismaeljoyeros.com\/es\/56-joyas-con-nombre ?<\/p>\n<p><img loading=\"lazy\" class=\"alignnone wp-image-673 size-large\" src=\"https:\/\/ww2.ismaeljoyeros.com\/blog\/wp-content\/uploads\/2017\/02\/anillos-1024x538.jpg\" alt=\"anillos\" width=\"625\" height=\"328\" srcset=\"https:\/\/ismaeljoyeros.com\/blog\/wp-content\/uploads\/2017\/02\/anillos-1024x538.jpg 1024w, https:\/\/ismaeljoyeros.com\/blog\/wp-content\/uploads\/2017\/02\/anillos-300x158.jpg 300w, https:\/\/ismaeljoyeros.com\/blog\/wp-content\/uploads\/2017\/02\/anillos-768x403.jpg 768w, https:\/\/ismaeljoyeros.com\/blog\/wp-content\/uploads\/2017\/02\/anillos.jpg 1200w\" sizes=\"(max-width: 625px) 100vw, 625px\" \/><\/p>\n<p>PARA PAP\u00c1&#8230;<\/p>\n<p>Los artistas de la casa ser\u00e1n los dise\u00f1adores del nuevo llavero de pap\u00e1&#8230; Mam\u00e1, solo tienes que traernos sus dibujos preferidos y dejar que magia de la navidad e Ismael Joyeros, hagan el resto. \u00a1Ser\u00e1 el mejor llavero del mundo mundial!<\/p>\n<p><img loading=\"lazy\" class=\"alignnone wp-image-674 size-full\" src=\"https:\/\/ww2.ismaeljoyeros.com\/blog\/wp-content\/uploads\/2017\/02\/15590499_10157931277395313_3606791563165965356_n.png\" alt=\"15590499_10157931277395313_3606791563165965356_n\" width=\"480\" height=\"480\" srcset=\"https:\/\/ismaeljoyeros.com\/blog\/wp-content\/uploads\/2017\/02\/15590499_10157931277395313_3606791563165965356_n.png 480w, https:\/\/ismaeljoyeros.com\/blog\/wp-content\/uploads\/2017\/02\/15590499_10157931277395313_3606791563165965356_n-150x150.png 150w, https:\/\/ismaeljoyeros.com\/blog\/wp-content\/uploads\/2017\/02\/15590499_10157931277395313_3606791563165965356_n-300x300.png 300w\" sizes=\"(max-width: 480px) 100vw, 480px\" \/><\/p>\n","protected":false},"excerpt":{"rendered":"<p>Joyas personalizadas, con nombre, y tambi\u00e9n piezas especiales para mam\u00e1s y abuelas. Elige entre un mont\u00f3n de modelos grabados, en [&hellip;]<\/p>\n","protected":false},"author":2,"featured_media":670,"comment_status":"open","ping_status":"closed","sticky":false,"template":"","format":"standard","meta":[],"categories":[5],"tags":[10,11,12,13,14,15,16,17,18,19,20,21],"_links":{"self":[{"href":"https:\/\/ismaeljoyeros.com\/blog\/wp-json\/wp\/v2\/posts\/669"}],"collection":[{"href":"https:\/\/ismaeljoyeros.com\/blog\/wp-json\/wp\/v2\/posts"}],"about":[{"href":"https:\/\/ismaeljoyeros.com\/blog\/wp-json\/wp\/v2\/types\/post"}],"author":[{"embeddable":true,"href":"https:\/\/ismaeljoyeros.com\/blog\/wp-json\/wp\/v2\/users\/2"}],"replies":[{"embeddable":true,"href":"https:\/\/ismaeljoyeros.com\/blog\/wp-json\/wp\/v2\/comments?post=669"}],"version-history":[{"count":1,"href":"https:\/\/ismaeljoyeros.com\/blog\/wp-json\/wp\/v2\/posts\/669\/revisions"}],"predecessor-version":[{"id":72872,"href":"https:\/\/ismaeljoyeros.com\/blog\/wp-json\/wp\/v2\/posts\/669\/revisions\/72872"}],"wp:featuredmedia":[{"embeddable":true,"href":"https:\/\/ismaeljoyeros.com\/blog\/wp-json\/wp\/v2\/media\/670"}],"wp:attachment":[{"href":"https:\/\/ismaeljoyeros.com\/blog\/wp-json\/wp\/v2\/media?parent=669"}],"wp:term":[{"taxonomy":"category","embeddable":true,"href":"https:\/\/ismaeljoyeros.com\/blog\/wp-json\/wp\/v2\/categories?post=669"},{"taxonomy":"post_tag","embeddable":true,"href":"https:\/\/ismaeljoyeros.com\/blog\/wp-json\/wp\/v2\/tags?post=669"}],"curies":[{"name":"wp","href":"https:\/\/api.w.org\/{rel}","templated":true}]}}