{"id":48,"date":"2013-03-20T00:00:00","date_gmt":"2013-03-20T00:00:00","guid":{"rendered":"http:\/\/charlamos-con-la-disenadora-de-joyas-marina-garcia"},"modified":"2018-03-19T09:21:10","modified_gmt":"2018-03-19T09:21:10","slug":"charlamos-la-disenadora-joyas-marina-garcia","status":"publish","type":"post","link":"https:\/\/ismaeljoyeros.com\/blog\/charlamos-la-disenadora-joyas-marina-garcia\/","title":{"rendered":"Charlamos con la dise\u00f1adora de joyas Marina Garc\u00eda"},"content":{"rendered":"<p>En m\u00e1s de una ocasi\u00f3n os hemos comentado nuestra debilidad por la dise\u00f1adora de joyas zaragozana, Marina Garc\u00eda. La que ya se ha convertido en todo un referente a nivel nacional en el mundo del dise\u00f1o, responde a unas cuantas preguntas que nos acercan sus propuestas, su pasi\u00f3n por la creaci\u00f3n y su forma de entender las nuevas tendencias.<!--more--><\/p>\n<p>Esperemos que disfrut\u00e9is de la entrevista tanto como nosotros.<\/p>\n<p><em>*Atenci\u00f3n especial a las piezas que nos propone, y esos pendientes de jade tallado en plata y circonita blanca que nos han enamorado&#8230;<\/em><\/p>\n<p><em><strong>Perteneces a una familia con m\u00e1s de 50 a\u00f1os de tradici\u00f3n en el mundo de la joyer\u00eda. Imaginamos que el crecer entre talleres habr\u00e1 influido mucho a la hora de que eligieras la que ser\u00eda tu futura profesi\u00f3n\u2026\u00a0<\/strong><br \/>\nNo fue as\u00ed en un principio, pues en un principio, desempe\u00f1\u00e9 mi vida laboral en otros campos. Cuando me di cuenta de que estos no me permit\u00edan desarrollar mi faceta m\u00e1s creativa, fue cuando me decant\u00e9 por el mundo del dise\u00f1o. Por su puesto, gracias a la tradici\u00f3n joyera de mi familia y a lo que yo hab\u00eda vivido desde ni\u00f1a, ya estaba muy familiarizada con el proceso de fabricaci\u00f3n, los materiales, las combinaciones, etc. Part\u00eda de una buena base que me facilitaba el trabajo de creaci\u00f3n.\u00a0<\/em><\/p>\n<p><strong>\u00bfC\u00f3mo fueron tus comienzos en el mundo de la joyer\u00eda?\u00a0<\/strong><br \/>\nEn un principio trabaj\u00e9 en el taller familiar, cinco a\u00f1os despu\u00e9s, la inquietud, unida a una base de conocimientos ya arraigada, me empuja al dise\u00f1o y a la creaci\u00f3n. Al lanzar la l\u00ednea Marina Garc\u00eda Joyas, busqu\u00e9 ofrecer una alternativa a la alta joyer\u00eda a trav\u00e9s de piezas que se pudieran lucir en el d\u00eda a d\u00eda, joyas juveniles, desenfadadas y m\u00e1s asequibles.<\/p>\n<p><strong>\u00bfY recuerdas las primeras piezas que dise\u00f1aste?, \u00bftienen algo que ver con las colecciones actuales?<\/strong><br \/>\nQuiz\u00e1 mis primeras piezas todav\u00eda pecaban de ser algo sofisticadas, pero enseguida me di cuenta de que no quer\u00eda llegar a un p\u00fablico limitado, sino lanzar una l\u00ednea pr\u00eat-a-porter. Piezas muy combinables que pudieran lucirse igualmente durante d\u00eda como por la noche, en diferentes situaciones, y que le aportaran distintos significados a un look. Buscaba un modelo de joyer\u00eda casual que quiz\u00e1s el mundo de la moda ha sabido adoptar con mayor naturalidad. Siempre he intentado mantener a lo largo de todo este tiempo, una esencia muy femenina en mis creaciones, aunque quiz\u00e1 los materiales s\u00ed que han ido variando.<\/p>\n<p><strong>En la mayor\u00eda de tus creaciones, llama la atenci\u00f3n el trabajo de las texturas. Tienes un estilo muy particular para lograrlas\u2026\u00a0<\/strong><br \/>\nConsidero que la textura es una caracter\u00edstica fundamental de la pieza, que dice much\u00edsimo de ella. Cada cierto tiempo me da por un determinado tipo de texturas. Ahora mismo, por ejemplo, me han atrapado las burbujas. Soy quiz\u00e1 hasta algo mani\u00e1tica a la hora de no juntar dos texturas diferentes, buscar nuevas fuentes de inspiraci\u00f3n\u2026 porque le otorgo mucha importancia.<\/p>\n<p><strong>\u00bfDir\u00edas que en tus colecciones el dise\u00f1o prima sobre los materiales?\u00a0<\/strong><br \/>\nS\u00ed, aunque trabaje sobre materiales nobles y pueda aportar algo nuevo en este aspecto, me priva el dise\u00f1o. Afortunadamente, hace a\u00f1os que la joyer\u00eda rompi\u00f3 el tab\u00fa de mezclar determinados materiales, quitando el arca\u00edsmo que anclaba las creaciones y no permit\u00eda llevar la joyer\u00eda a pie de calle.<\/p>\n<div>\n<p><strong>El precio de los metales ha subido cuantiosamente. \u00bfC\u00f3mo influye este hecho a la hora de dise\u00f1ar?\u00a0<\/strong><br \/>\nInfluye mucho. Ha ca\u00eddo el precio que la gente est\u00e1 dispuesta a pagar por una joya. Ahora es frecuente ver mezclar oro y plata a firmas que nunca, hasta el momento, lo hab\u00edan hecho. El precio del oro, en joyer\u00eda, cada d\u00eda hay menos personas dispuestas a pagarlo, por tanto, me parece que la plata estar\u00e1 muy presente durante un largo tiempo. En Marina Garc\u00eda Joyas le damos mucha relevancia a la plata y dedicamos gran parte de nuestros esfuerzos en tratamientos para este metal.<\/p>\n<p>Si bien, hay que decir, que la subida de los metales tambi\u00e9n repercute en el proceso creativo, condicion\u00e1ndolo en cierta manera y oblig\u00e1ndote a vigilar constantemente la cantidad de material utilizado para que no repercuta demasiado en el valor final de la pieza.<\/p>\n<\/div>\n<p><strong>\u00bfLas nuevas tendencias de la pasarela se reflejan en tus colecciones?<\/strong><br \/>\nNo me imagino trabajar en una nueva colecci\u00f3n sin estar al tanto de las \u00faltimas tendencias en las pasarelas, vol\u00famenes, colores y estampados de la pr\u00f3xima temporada. Ahora mismo, destaca el verde esmeralda, el \u201crojo Valentino\u201d o el rojo coral. Por ejemplo, pueden variar un poquito las tonalidades, pero todas esas ideas luego se trasladan a la disciplina joyera, se captan conceptos y esencias, y se trabaja para darles forma.<\/p>\n<p><strong>Ya que hablamos de moda textil, \u00bftres piezas de fondo de armario?\u00a0<\/strong><br \/>\nUnos pendientes de plata, circonitas negras y perlas naturales.<\/p>\n<p>Colgante en plata oscura y circonitas champagne o plata rosa y circonitas negras, para llevar con cadena fina y cortita, bastante pegada al cuello.<\/p>\n<p>Y un collar largo que se pueda combinar tanto para un look de ma\u00f1ana como de noche.<\/p>\n<p>Las tres pueden dar mucho juego.<\/p>\n<div>\u00a0<strong>\u00bfY un capricho especial que podr\u00edamos concedernos?\u00a0<\/strong><\/div>\n<p>Una pieza que me encanta: pendientes de jade tallado en plata y circonita blanca con grafilado en estilo de principios de siglo pasado.<\/p>\n<p><strong>Personalmente, \u00bfqu\u00e9 joyas eliges para el d\u00eda a d\u00eda?\u00a0<\/strong><br \/>\nLa mayor\u00eda de los d\u00edas, la ropa marca la elecci\u00f3n y en funci\u00f3n de los tonos, me decanto m\u00e1s por dorados, plata, rosa\u2026 y en cambio, hay ciertos d\u00edas en los que me apetece lucir una serie de joyas determinadas y pongo la ropa a su disposici\u00f3n.<\/p>\n<div>\n<p><strong>Una pincelada sobre tu pr\u00f3xima colecci\u00f3n\u2026\u00a0<\/strong><br \/>\nEn mis pr\u00f3ximas colecciones el color va a jugar un papel muy importante, veremos colores pasteles y en oto\u00f1o\/invierno primar\u00e1 el fucsia, azul London y fume. Una combinaci\u00f3n que destacar\u00e1 mucho, ser\u00e1 la de circonitas fucsias y champagne beige.<\/p>\n<p><strong>Muchas gracias por compartir tu tiempo y experencia con nosotros, Marina. Ha sido un placer charlar contigo. Esperamos volver a verte pronto por el blog \ud83d\ude09\u00a0<\/strong><\/p>\n<p>&nbsp;<\/p>\n<\/div>\n","protected":false},"excerpt":{"rendered":"<p>Marina Garc\u00eda, dise\u00f1adora de joyas y todo un referente a nivel nacional en el mundo de la joyer\u00eda, responde a unas cuantas preguntas que nos acercan sus propuestas, su pasi\u00f3n por la creaci\u00f3n y su forma de entender las nuevas tendencias.<\/p>\n","protected":false},"author":2,"featured_media":282,"comment_status":"open","ping_status":"closed","sticky":false,"template":"","format":"standard","meta":[],"categories":[2],"tags":[],"_links":{"self":[{"href":"https:\/\/ismaeljoyeros.com\/blog\/wp-json\/wp\/v2\/posts\/48"}],"collection":[{"href":"https:\/\/ismaeljoyeros.com\/blog\/wp-json\/wp\/v2\/posts"}],"about":[{"href":"https:\/\/ismaeljoyeros.com\/blog\/wp-json\/wp\/v2\/types\/post"}],"author":[{"embeddable":true,"href":"https:\/\/ismaeljoyeros.com\/blog\/wp-json\/wp\/v2\/users\/2"}],"replies":[{"embeddable":true,"href":"https:\/\/ismaeljoyeros.com\/blog\/wp-json\/wp\/v2\/comments?post=48"}],"version-history":[{"count":1,"href":"https:\/\/ismaeljoyeros.com\/blog\/wp-json\/wp\/v2\/posts\/48\/revisions"}],"predecessor-version":[{"id":72963,"href":"https:\/\/ismaeljoyeros.com\/blog\/wp-json\/wp\/v2\/posts\/48\/revisions\/72963"}],"wp:featuredmedia":[{"embeddable":true,"href":"https:\/\/ismaeljoyeros.com\/blog\/wp-json\/wp\/v2\/media\/282"}],"wp:attachment":[{"href":"https:\/\/ismaeljoyeros.com\/blog\/wp-json\/wp\/v2\/media?parent=48"}],"wp:term":[{"taxonomy":"category","embeddable":true,"href":"https:\/\/ismaeljoyeros.com\/blog\/wp-json\/wp\/v2\/categories?post=48"},{"taxonomy":"post_tag","embeddable":true,"href":"https:\/\/ismaeljoyeros.com\/blog\/wp-json\/wp\/v2\/tags?post=48"}],"curies":[{"name":"wp","href":"https:\/\/api.w.org\/{rel}","templated":true}]}}