{"id":44,"date":"2013-01-28T00:00:00","date_gmt":"2013-01-28T00:00:00","guid":{"rendered":"http:\/\/aguja-para-el-cabello"},"modified":"2018-03-19T09:21:11","modified_gmt":"2018-03-19T09:21:11","slug":"aguja-para-el-cabello","status":"publish","type":"post","link":"https:\/\/ismaeljoyeros.com\/blog\/aguja-para-el-cabello\/","title":{"rendered":"Aguja para el cabello"},"content":{"rendered":"<p>Aguja para el cabello que una de nuestras clientas quiso que realiz\u00e1ramos para complementar su traje tradicional aragon\u00e9s (y por qu\u00e9 no, para adornar tambi\u00e9n un recogido en alguna ocasi\u00f3n especial). <!--more-->Se elaboraron dos piezas iguales a la que veis en la fotograf\u00eda, en las que utilizamos plata oxidada y cristales Swarovski. \u00a1Esperamos que disfrute mucho de sus nuevos accesorios!.<\/p>\n","protected":false},"excerpt":{"rendered":"<p>Aguja para el cabello de plata oxidada y cristales Swarovski, un complemento muy especial.<\/p>\n","protected":false},"author":2,"featured_media":270,"comment_status":"open","ping_status":"closed","sticky":false,"template":"","format":"standard","meta":[],"categories":[2],"tags":[],"_links":{"self":[{"href":"https:\/\/ismaeljoyeros.com\/blog\/wp-json\/wp\/v2\/posts\/44"}],"collection":[{"href":"https:\/\/ismaeljoyeros.com\/blog\/wp-json\/wp\/v2\/posts"}],"about":[{"href":"https:\/\/ismaeljoyeros.com\/blog\/wp-json\/wp\/v2\/types\/post"}],"author":[{"embeddable":true,"href":"https:\/\/ismaeljoyeros.com\/blog\/wp-json\/wp\/v2\/users\/2"}],"replies":[{"embeddable":true,"href":"https:\/\/ismaeljoyeros.com\/blog\/wp-json\/wp\/v2\/comments?post=44"}],"version-history":[{"count":1,"href":"https:\/\/ismaeljoyeros.com\/blog\/wp-json\/wp\/v2\/posts\/44\/revisions"}],"predecessor-version":[{"id":72967,"href":"https:\/\/ismaeljoyeros.com\/blog\/wp-json\/wp\/v2\/posts\/44\/revisions\/72967"}],"wp:featuredmedia":[{"embeddable":true,"href":"https:\/\/ismaeljoyeros.com\/blog\/wp-json\/wp\/v2\/media\/270"}],"wp:attachment":[{"href":"https:\/\/ismaeljoyeros.com\/blog\/wp-json\/wp\/v2\/media?parent=44"}],"wp:term":[{"taxonomy":"category","embeddable":true,"href":"https:\/\/ismaeljoyeros.com\/blog\/wp-json\/wp\/v2\/categories?post=44"},{"taxonomy":"post_tag","embeddable":true,"href":"https:\/\/ismaeljoyeros.com\/blog\/wp-json\/wp\/v2\/tags?post=44"}],"curies":[{"name":"wp","href":"https:\/\/api.w.org\/{rel}","templated":true}]}}