{"id":43,"date":"2013-01-18T00:00:00","date_gmt":"2013-01-18T00:00:00","guid":{"rendered":"http:\/\/pulseras-rigidas-de-oro"},"modified":"2018-03-19T09:21:11","modified_gmt":"2018-03-19T09:21:11","slug":"pulseras-rigidas-oro","status":"publish","type":"post","link":"https:\/\/ismaeljoyeros.com\/blog\/pulseras-rigidas-oro\/","title":{"rendered":"Pulseras r\u00edgidas de oro"},"content":{"rendered":"<p>Y seguimos dando vida a nuevas joyas a partir de las piezas que nos hac\u00e9is llegar. En este caso, hemos elaborado dos pulseras r\u00edgidas, tan combinables como atemporales, a partir del oro proveniente de alguna joya que hab\u00eda ca\u00eddo en el desuso.<!--more--><\/p>\n<p>Bonito regalo de una madre para sus dos hijas y una forma estupenda de dar una segunda oportunidad a sus joyas .<\/p>\n","protected":false},"excerpt":{"rendered":"<p>Bonito regalo de una madre para sus dos hijas y una forma estupenda de dar una segunda oportunidad a sus joyas .<\/p>\n","protected":false},"author":2,"featured_media":266,"comment_status":"open","ping_status":"closed","sticky":false,"template":"","format":"standard","meta":[],"categories":[2],"tags":[],"_links":{"self":[{"href":"https:\/\/ismaeljoyeros.com\/blog\/wp-json\/wp\/v2\/posts\/43"}],"collection":[{"href":"https:\/\/ismaeljoyeros.com\/blog\/wp-json\/wp\/v2\/posts"}],"about":[{"href":"https:\/\/ismaeljoyeros.com\/blog\/wp-json\/wp\/v2\/types\/post"}],"author":[{"embeddable":true,"href":"https:\/\/ismaeljoyeros.com\/blog\/wp-json\/wp\/v2\/users\/2"}],"replies":[{"embeddable":true,"href":"https:\/\/ismaeljoyeros.com\/blog\/wp-json\/wp\/v2\/comments?post=43"}],"version-history":[{"count":1,"href":"https:\/\/ismaeljoyeros.com\/blog\/wp-json\/wp\/v2\/posts\/43\/revisions"}],"predecessor-version":[{"id":72968,"href":"https:\/\/ismaeljoyeros.com\/blog\/wp-json\/wp\/v2\/posts\/43\/revisions\/72968"}],"wp:featuredmedia":[{"embeddable":true,"href":"https:\/\/ismaeljoyeros.com\/blog\/wp-json\/wp\/v2\/media\/266"}],"wp:attachment":[{"href":"https:\/\/ismaeljoyeros.com\/blog\/wp-json\/wp\/v2\/media?parent=43"}],"wp:term":[{"taxonomy":"category","embeddable":true,"href":"https:\/\/ismaeljoyeros.com\/blog\/wp-json\/wp\/v2\/categories?post=43"},{"taxonomy":"post_tag","embeddable":true,"href":"https:\/\/ismaeljoyeros.com\/blog\/wp-json\/wp\/v2\/tags?post=43"}],"curies":[{"name":"wp","href":"https:\/\/api.w.org\/{rel}","templated":true}]}}