{"id":37,"date":"2012-09-04T00:00:00","date_gmt":"2012-09-04T00:00:00","guid":{"rendered":"http:\/\/ismael-participa-en-la-i-shopping-night-de-monzon"},"modified":"2018-03-19T09:21:12","modified_gmt":"2018-03-19T09:21:12","slug":"ismael-participa-la-i-shopping-night-monzon","status":"publish","type":"post","link":"https:\/\/ismaeljoyeros.com\/blog\/ismael-participa-la-i-shopping-night-monzon\/","title":{"rendered":"Ismael participa en la \u00abI Shopping Night\u00bb de Monz\u00f3n"},"content":{"rendered":"<p>El pr\u00f3ximo viernes, 7 de septiembre, nuestra tienda de la C\/ Joaqu\u00edn Pano, n\u00ba 10, por primera vez, abrir\u00e1 sus puertas\u2026 \u00a1\u00a1\u00a1de noche!!!. Has o\u00eddo bien, y es que, nos apuntamos a \u201cThe Shopping Night\u201d, una iniciativa de la Asociaci\u00f3n de Comercio de Monz\u00f3n y Comarca que sigue la moda de abrir los comercios por la noche, en fechas puntuales, que se impone\u00a0en las grandes ciudades.<!--more--><br \/>\nNosotros, para celebrar esta noche m\u00e1gica de compras, hemos decidido aplicar a todos nuestros art\u00edculos un 20% de descuento.<\/p>\n<p>Adem\u00e1s, las compras nocturnas en los comercios adheridos a la campa\u00f1a, tendr\u00e1n premio.\u00a0Podr\u00e1s obtener diversos regalos como entradas, descuentos y consumiciones gratis para el concierto de los suecos \u201cThe Headlines\u201d, que acoger\u00e1 la Sala Serjos, esa misma noche.El viernes, te esperamos en ISMAEL, cuando caiga el sol \ud83d\ude09<\/p>\n","protected":false},"excerpt":{"rendered":"<p>El pr\u00f3ximo viernes, 7 de septiembre, nuestra tienda de la C\/ Joaqu\u00edn Pano, n\u00ba 10, por primera vez, abrir\u00e1 sus puertas\u2026 \u00a1\u00a1\u00a1de noche!!!. Disfruta de un 20% de descuento.<\/p>\n","protected":false},"author":2,"featured_media":245,"comment_status":"open","ping_status":"closed","sticky":false,"template":"","format":"standard","meta":[],"categories":[2,4],"tags":[],"_links":{"self":[{"href":"https:\/\/ismaeljoyeros.com\/blog\/wp-json\/wp\/v2\/posts\/37"}],"collection":[{"href":"https:\/\/ismaeljoyeros.com\/blog\/wp-json\/wp\/v2\/posts"}],"about":[{"href":"https:\/\/ismaeljoyeros.com\/blog\/wp-json\/wp\/v2\/types\/post"}],"author":[{"embeddable":true,"href":"https:\/\/ismaeljoyeros.com\/blog\/wp-json\/wp\/v2\/users\/2"}],"replies":[{"embeddable":true,"href":"https:\/\/ismaeljoyeros.com\/blog\/wp-json\/wp\/v2\/comments?post=37"}],"version-history":[{"count":1,"href":"https:\/\/ismaeljoyeros.com\/blog\/wp-json\/wp\/v2\/posts\/37\/revisions"}],"predecessor-version":[{"id":72974,"href":"https:\/\/ismaeljoyeros.com\/blog\/wp-json\/wp\/v2\/posts\/37\/revisions\/72974"}],"wp:featuredmedia":[{"embeddable":true,"href":"https:\/\/ismaeljoyeros.com\/blog\/wp-json\/wp\/v2\/media\/245"}],"wp:attachment":[{"href":"https:\/\/ismaeljoyeros.com\/blog\/wp-json\/wp\/v2\/media?parent=37"}],"wp:term":[{"taxonomy":"category","embeddable":true,"href":"https:\/\/ismaeljoyeros.com\/blog\/wp-json\/wp\/v2\/categories?post=37"},{"taxonomy":"post_tag","embeddable":true,"href":"https:\/\/ismaeljoyeros.com\/blog\/wp-json\/wp\/v2\/tags?post=37"}],"curies":[{"name":"wp","href":"https:\/\/api.w.org\/{rel}","templated":true}]}}