{"id":35,"date":"2012-07-16T00:00:00","date_gmt":"2012-07-16T00:00:00","guid":{"rendered":"http:\/\/anillo-de-oro-reciclado-y-diamante"},"modified":"2018-03-19T09:21:13","modified_gmt":"2018-03-19T09:21:13","slug":"anillo-oro-reciclado-diamante","status":"publish","type":"post","link":"https:\/\/ismaeljoyeros.com\/blog\/anillo-oro-reciclado-diamante\/","title":{"rendered":"Anillo de oro \u00abreciclado\u00bb y diamante"},"content":{"rendered":"<p>La semana pasada entregamos esta pieza a una clienta. Est\u00e1 confeccionada con el oro que ella mismo nos trajo y un diamante en talla brillante que ella misma escogi\u00f3. Cuando la recogi\u00f3 se mostr\u00f3 muy satisfecha con el resultado, pues quer\u00eda poder lucirla junto a su alianza y que no desentonaran, visualmente, una al lado de la otra.\u00a0<!--more--><\/p>\n<p>Aqu\u00ed van unas cuantas fotograf\u00edas.<\/p>\n<p>\u00a1Esperamos que a vosotros tambi\u00e9n os guste!<\/p>\n<p><img loading=\"lazy\" src=\"https:\/\/ww2.ismaeljoyeros.com\/blog\/wp-content\/uploads\/2012\/07\/anilloreciclado1.jpg\" alt=\"Anillo de oro reciclado.\" width=\"658\" height=\"493\" \/><\/p>\n<p><img loading=\"lazy\" src=\"https:\/\/ww2.ismaeljoyeros.com\/blog\/wp-content\/uploads\/2012\/07\/anilloreciclado2.jpg\" alt=\"Anillo de oro reciclado.\" width=\"658\" height=\"493\" \/><\/p>\n<p><img loading=\"lazy\" src=\"https:\/\/ww2.ismaeljoyeros.com\/blog\/wp-content\/uploads\/2012\/07\/anilloreciclado3.jpg\" alt=\"Anillo de oro reciclado.\" width=\"658\" height=\"493\" \/><\/p>\n","protected":false},"excerpt":{"rendered":"<p>La semana pasada entregamos esta pieza a una clienta. Est\u00e1 confeccionada con el oro que ella mismo nos trajo y un diamante en talla brillante que ella misma escogi\u00f3.<\/p>\n","protected":false},"author":2,"featured_media":237,"comment_status":"open","ping_status":"closed","sticky":false,"template":"","format":"standard","meta":[],"categories":[2,7,8,5],"tags":[],"_links":{"self":[{"href":"https:\/\/ismaeljoyeros.com\/blog\/wp-json\/wp\/v2\/posts\/35"}],"collection":[{"href":"https:\/\/ismaeljoyeros.com\/blog\/wp-json\/wp\/v2\/posts"}],"about":[{"href":"https:\/\/ismaeljoyeros.com\/blog\/wp-json\/wp\/v2\/types\/post"}],"author":[{"embeddable":true,"href":"https:\/\/ismaeljoyeros.com\/blog\/wp-json\/wp\/v2\/users\/2"}],"replies":[{"embeddable":true,"href":"https:\/\/ismaeljoyeros.com\/blog\/wp-json\/wp\/v2\/comments?post=35"}],"version-history":[{"count":1,"href":"https:\/\/ismaeljoyeros.com\/blog\/wp-json\/wp\/v2\/posts\/35\/revisions"}],"predecessor-version":[{"id":72976,"href":"https:\/\/ismaeljoyeros.com\/blog\/wp-json\/wp\/v2\/posts\/35\/revisions\/72976"}],"wp:featuredmedia":[{"embeddable":true,"href":"https:\/\/ismaeljoyeros.com\/blog\/wp-json\/wp\/v2\/media\/237"}],"wp:attachment":[{"href":"https:\/\/ismaeljoyeros.com\/blog\/wp-json\/wp\/v2\/media?parent=35"}],"wp:term":[{"taxonomy":"category","embeddable":true,"href":"https:\/\/ismaeljoyeros.com\/blog\/wp-json\/wp\/v2\/categories?post=35"},{"taxonomy":"post_tag","embeddable":true,"href":"https:\/\/ismaeljoyeros.com\/blog\/wp-json\/wp\/v2\/tags?post=35"}],"curies":[{"name":"wp","href":"https:\/\/api.w.org\/{rel}","templated":true}]}}