{"id":133,"date":"2016-09-07T00:00:00","date_gmt":"2016-09-07T00:00:00","guid":{"rendered":"http:\/\/nuestros-ultimos-disenos-con-esmeraldas"},"modified":"2018-03-19T09:20:48","modified_gmt":"2018-03-19T09:20:48","slug":"ultimos-disenos-esmeraldas-2","status":"publish","type":"post","link":"https:\/\/ismaeljoyeros.com\/blog\/ultimos-disenos-esmeraldas-2\/","title":{"rendered":"Nuestros \u00faltimos dise\u00f1os con esmeraldas"},"content":{"rendered":"<p>Aqu\u00ed ten\u00e9is una selecci\u00f3n de las \u00faltimas joyas que hemos elaborado con esmeraldas. Una gema que tiene enamoradas a nuestras clientas.<!--more--><\/p>\n<p>Este anillo lleva engastada una esmeralda en talla oval de nuestra colecci\u00f3n. Al ver la piedra, nuestro cliente supo que era para ella. Adem\u00e1s, lo adornan 10 diamantes en talla brillante que armonizan una pieza que ya tiene una content\u00edsima due\u00f1a.<\/p>\n<p>&nbsp;<\/p>\n<p><img loading=\"lazy\" title=\"Anillo esmeralda oval\" src=\"https:\/\/ww2.ismaeljoyeros.com\/blog\/wp-content\/uploads\/2016\/09\/anillo20esmeralda20oval.png\" alt=\"Anillo esmeralda oval\" width=\"657\" height=\"497\" \/><\/p>\n<p>&nbsp;<\/p>\n<p>Con 2 diamantes en talla princesa, nos decantamos por flanquear esta preciosa esmeralda que nos trajo a la tienda una clienta que la hab\u00eda adquirido en uno de sus viajes a Sudam\u00e9rica. Esta es la propuesta que le hicimos y finalmente llevamos a cabo. Nunca falla la elegancia y la belleza de la combinaci\u00f3n de estas gemas&#8230;<\/p>\n<p><img loading=\"lazy\" title=\"Anillo esmeralda\" src=\"https:\/\/ww2.ismaeljoyeros.com\/blog\/wp-content\/uploads\/2016\/09\/anillo20esmeralda.png\" alt=\"Anillo esmeralda\" width=\"657\" height=\"440\" \/><\/p>\n<p>&nbsp;<\/p>\n<p>\u00a1M\u00e1s dise\u00f1os con esmeraldas!. Este conjunto es para una clienta francesa que se deja caer de vez en cuando por Monz\u00f3n y de paso, por nuestra tienda. En esta ocasi\u00f3n, quer\u00eda aprovechar las esmeraldas de unas joyas que ya no luc\u00eda. Le presentamos una propuesta sencilla, ya que quer\u00eda darle todo el protagonismo a sus joyas, le encaj\u00f3 a la perfecci\u00f3n y&#8230; \u00a1Voil\u00e0!<\/p>\n<p><img loading=\"lazy\" title=\"Conjunto esmeralda\" src=\"https:\/\/ww2.ismaeljoyeros.com\/blog\/wp-content\/uploads\/2016\/09\/conjunto20esmeralda.png\" alt=\"Conjunto esmeralda\" width=\"657\" height=\"440\" \/><\/p>\n","protected":false},"excerpt":{"rendered":"<p>Aqu\u00ed ten\u00e9is una selecci\u00f3n de las \u00faltimas joyas que hemos elaborado con esmeraldas. Una gema que tiene enamoradas a nuestras clientas.<\/p>\n","protected":false},"author":2,"featured_media":646,"comment_status":"open","ping_status":"closed","sticky":false,"template":"","format":"standard","meta":[],"categories":[2,8,5],"tags":[],"_links":{"self":[{"href":"https:\/\/ismaeljoyeros.com\/blog\/wp-json\/wp\/v2\/posts\/133"}],"collection":[{"href":"https:\/\/ismaeljoyeros.com\/blog\/wp-json\/wp\/v2\/posts"}],"about":[{"href":"https:\/\/ismaeljoyeros.com\/blog\/wp-json\/wp\/v2\/types\/post"}],"author":[{"embeddable":true,"href":"https:\/\/ismaeljoyeros.com\/blog\/wp-json\/wp\/v2\/users\/2"}],"replies":[{"embeddable":true,"href":"https:\/\/ismaeljoyeros.com\/blog\/wp-json\/wp\/v2\/comments?post=133"}],"version-history":[{"count":1,"href":"https:\/\/ismaeljoyeros.com\/blog\/wp-json\/wp\/v2\/posts\/133\/revisions"}],"predecessor-version":[{"id":72879,"href":"https:\/\/ismaeljoyeros.com\/blog\/wp-json\/wp\/v2\/posts\/133\/revisions\/72879"}],"wp:featuredmedia":[{"embeddable":true,"href":"https:\/\/ismaeljoyeros.com\/blog\/wp-json\/wp\/v2\/media\/646"}],"wp:attachment":[{"href":"https:\/\/ismaeljoyeros.com\/blog\/wp-json\/wp\/v2\/media?parent=133"}],"wp:term":[{"taxonomy":"category","embeddable":true,"href":"https:\/\/ismaeljoyeros.com\/blog\/wp-json\/wp\/v2\/categories?post=133"},{"taxonomy":"post_tag","embeddable":true,"href":"https:\/\/ismaeljoyeros.com\/blog\/wp-json\/wp\/v2\/tags?post=133"}],"curies":[{"name":"wp","href":"https:\/\/api.w.org\/{rel}","templated":true}]}}