{"id":132,"date":"2016-07-25T00:00:00","date_gmt":"2016-07-25T00:00:00","guid":{"rendered":"http:\/\/un-conjunto-de-comunion-doblemente-especial"},"modified":"2018-03-19T09:20:49","modified_gmt":"2018-03-19T09:20:49","slug":"conjunto-comunion-doblemente-especial","status":"publish","type":"post","link":"https:\/\/ismaeljoyeros.com\/blog\/conjunto-comunion-doblemente-especial\/","title":{"rendered":"Un conjunto de comuni\u00f3n doblemente especial&#8230;"},"content":{"rendered":"<p>Por su valor sentimental, pues lo realizamos a partir de joyas de la abuela de la ni\u00f1a, y la l\u00ednea tan llevable de su dise\u00f1o, toque cl\u00e1sico en la combinaci\u00f3n y formas modernas, estamos seguros de que este conjunto de perlas cultivadas con diamantes en talla brillante no ser\u00e1 el t\u00edpico que se quede en el caj\u00f3n.<!--more--><\/p>\n<p><img loading=\"lazy\" title=\"Conjunto de comuni\u00f3n\" src=\"https:\/\/ww2.ismaeljoyeros.com\/blog\/wp-content\/uploads\/2016\/07\/conjunto20comunion.png\" alt=\"Conjunto de comuni\u00f3n\" width=\"657\" height=\"657\" \/><\/p>\n","protected":false},"excerpt":{"rendered":"<p>Estamos seguros de que este conjunto de perlas cultivadas con diamantes en talla brillante no ser\u00e1 el t\u00edpico que se quede en el caj\u00f3n.<\/p>\n","protected":false},"author":2,"featured_media":643,"comment_status":"open","ping_status":"closed","sticky":false,"template":"","format":"standard","meta":[],"categories":[7,5],"tags":[],"_links":{"self":[{"href":"https:\/\/ismaeljoyeros.com\/blog\/wp-json\/wp\/v2\/posts\/132"}],"collection":[{"href":"https:\/\/ismaeljoyeros.com\/blog\/wp-json\/wp\/v2\/posts"}],"about":[{"href":"https:\/\/ismaeljoyeros.com\/blog\/wp-json\/wp\/v2\/types\/post"}],"author":[{"embeddable":true,"href":"https:\/\/ismaeljoyeros.com\/blog\/wp-json\/wp\/v2\/users\/2"}],"replies":[{"embeddable":true,"href":"https:\/\/ismaeljoyeros.com\/blog\/wp-json\/wp\/v2\/comments?post=132"}],"version-history":[{"count":1,"href":"https:\/\/ismaeljoyeros.com\/blog\/wp-json\/wp\/v2\/posts\/132\/revisions"}],"predecessor-version":[{"id":72881,"href":"https:\/\/ismaeljoyeros.com\/blog\/wp-json\/wp\/v2\/posts\/132\/revisions\/72881"}],"wp:featuredmedia":[{"embeddable":true,"href":"https:\/\/ismaeljoyeros.com\/blog\/wp-json\/wp\/v2\/media\/643"}],"wp:attachment":[{"href":"https:\/\/ismaeljoyeros.com\/blog\/wp-json\/wp\/v2\/media?parent=132"}],"wp:term":[{"taxonomy":"category","embeddable":true,"href":"https:\/\/ismaeljoyeros.com\/blog\/wp-json\/wp\/v2\/categories?post=132"},{"taxonomy":"post_tag","embeddable":true,"href":"https:\/\/ismaeljoyeros.com\/blog\/wp-json\/wp\/v2\/tags?post=132"}],"curies":[{"name":"wp","href":"https:\/\/api.w.org\/{rel}","templated":true}]}}