{"id":130,"date":"2016-05-03T00:00:00","date_gmt":"2016-05-03T00:00:00","guid":{"rendered":"http:\/\/un-regalo-de-sobresaliente-para-la-profe"},"modified":"2018-03-19T09:20:49","modified_gmt":"2018-03-19T09:20:49","slug":"regalo-sobresaliente-la-profe","status":"publish","type":"post","link":"https:\/\/ismaeljoyeros.com\/blog\/regalo-sobresaliente-la-profe\/","title":{"rendered":"\u00a1Un regalo de sobresaliente para la profe!"},"content":{"rendered":"<p>Siempre guardar\u00e1 un bonito recuerdo de la clase con este collar de plata grabado con todos los nombres de sus alumnos. <!--more-->Un cari\u00f1oso detalle de parte del grupo para darle las gracias por su dedicaci\u00f3n y alegr\u00eda. Haz tu encargo a trav\u00e9s de nuestra web, \u00a1el fin de curso est\u00e1 a la vuelta de la esquina!.<\/p>\n<p><img loading=\"lazy\" src=\"https:\/\/ww2.ismaeljoyeros.com\/blog\/wp-content\/uploads\/2016\/05\/collar-para-la-profeWEB.png\" alt=\"\" width=\"658\" height=\"678\" \/><\/p>\n<p>Recuerda que a la idea tambi\u00e9n podemos darle forma de pulserita&#8230;<\/p>\n<p><img loading=\"lazy\" style=\"background-color: #ffe6ff;\" src=\"https:\/\/ww2.ismaeljoyeros.com\/blog\/wp-content\/uploads\/2016\/05\/PULSERAPROFE-WEB.png\" alt=\"\" width=\"658\" height=\"285\" \/><\/p>\n<p>o incluso de regla \ud83d\ude42<\/p>\n<p><img loading=\"lazy\" src=\"https:\/\/ww2.ismaeljoyeros.com\/blog\/wp-content\/uploads\/2016\/05\/profes_reglaWEB.png\" alt=\"\" width=\"658\" height=\"454\" \/><\/p>\n","protected":false},"excerpt":{"rendered":"<p>Siempre guardar\u00e1 un bonito recuerdo de la clase con este collar de plata grabado con todos los nombres de sus alumnos.<\/p>\n","protected":false},"author":2,"featured_media":632,"comment_status":"open","ping_status":"closed","sticky":false,"template":"","format":"standard","meta":[],"categories":[8,5],"tags":[],"_links":{"self":[{"href":"https:\/\/ismaeljoyeros.com\/blog\/wp-json\/wp\/v2\/posts\/130"}],"collection":[{"href":"https:\/\/ismaeljoyeros.com\/blog\/wp-json\/wp\/v2\/posts"}],"about":[{"href":"https:\/\/ismaeljoyeros.com\/blog\/wp-json\/wp\/v2\/types\/post"}],"author":[{"embeddable":true,"href":"https:\/\/ismaeljoyeros.com\/blog\/wp-json\/wp\/v2\/users\/2"}],"replies":[{"embeddable":true,"href":"https:\/\/ismaeljoyeros.com\/blog\/wp-json\/wp\/v2\/comments?post=130"}],"version-history":[{"count":1,"href":"https:\/\/ismaeljoyeros.com\/blog\/wp-json\/wp\/v2\/posts\/130\/revisions"}],"predecessor-version":[{"id":72883,"href":"https:\/\/ismaeljoyeros.com\/blog\/wp-json\/wp\/v2\/posts\/130\/revisions\/72883"}],"wp:featuredmedia":[{"embeddable":true,"href":"https:\/\/ismaeljoyeros.com\/blog\/wp-json\/wp\/v2\/media\/632"}],"wp:attachment":[{"href":"https:\/\/ismaeljoyeros.com\/blog\/wp-json\/wp\/v2\/media?parent=130"}],"wp:term":[{"taxonomy":"category","embeddable":true,"href":"https:\/\/ismaeljoyeros.com\/blog\/wp-json\/wp\/v2\/categories?post=130"},{"taxonomy":"post_tag","embeddable":true,"href":"https:\/\/ismaeljoyeros.com\/blog\/wp-json\/wp\/v2\/tags?post=130"}],"curies":[{"name":"wp","href":"https:\/\/api.w.org\/{rel}","templated":true}]}}