{"id":113,"date":"2015-07-21T00:00:00","date_gmt":"2015-07-21T00:00:00","guid":{"rendered":"http:\/\/colgante-y-pulsera-de-plata-y-nacar-anna-xavier-y-joana"},"modified":"2018-03-19T09:20:53","modified_gmt":"2018-03-19T09:20:53","slug":"colgante-pulsera-plata-nacar-anna-xavier-joana","status":"publish","type":"post","link":"https:\/\/ismaeljoyeros.com\/blog\/colgante-pulsera-plata-nacar-anna-xavier-joana\/","title":{"rendered":"Colgante y pulsera de plata y n\u00e1car: Anna, Xavier y Joana"},"content":{"rendered":"<p>Con este colgante y pulsera de plata y n\u00e1car, se hizo m\u00e1s dulce la despedida de una compi de trabajo. Hasta Barcelona enviamos las piezas en esta ocasi\u00f3n, y es que, a trav\u00e9s de nuestra web, puedes hacernos pedidos desde cualquier punto de Espa\u00f1a.<!--more--><\/p>\n<p><img loading=\"lazy\" title=\"colgante y pulsera de plata y n\u00e1car\" src=\"https:\/\/ww2.ismaeljoyeros.com\/blog\/wp-content\/uploads\/2015\/07\/Colgante_pulsera_nacar_web.jpg\" alt=\"colgante y pulsera de plata y n\u00e1car\" width=\"658\" height=\"576\" \/><\/p>\n","protected":false},"excerpt":{"rendered":"<p>Con este colgante y pulsera de plata y n\u00e1car, se hizo m\u00e1s dulce la despedida de una compi de trabajo. Hasta Barcelona enviamos las piezas en esta ocasi\u00f3n&#8230;<\/p>\n","protected":false},"author":2,"featured_media":544,"comment_status":"open","ping_status":"closed","sticky":false,"template":"","format":"standard","meta":[],"categories":[8,5],"tags":[],"_links":{"self":[{"href":"https:\/\/ismaeljoyeros.com\/blog\/wp-json\/wp\/v2\/posts\/113"}],"collection":[{"href":"https:\/\/ismaeljoyeros.com\/blog\/wp-json\/wp\/v2\/posts"}],"about":[{"href":"https:\/\/ismaeljoyeros.com\/blog\/wp-json\/wp\/v2\/types\/post"}],"author":[{"embeddable":true,"href":"https:\/\/ismaeljoyeros.com\/blog\/wp-json\/wp\/v2\/users\/2"}],"replies":[{"embeddable":true,"href":"https:\/\/ismaeljoyeros.com\/blog\/wp-json\/wp\/v2\/comments?post=113"}],"version-history":[{"count":1,"href":"https:\/\/ismaeljoyeros.com\/blog\/wp-json\/wp\/v2\/posts\/113\/revisions"}],"predecessor-version":[{"id":72900,"href":"https:\/\/ismaeljoyeros.com\/blog\/wp-json\/wp\/v2\/posts\/113\/revisions\/72900"}],"wp:featuredmedia":[{"embeddable":true,"href":"https:\/\/ismaeljoyeros.com\/blog\/wp-json\/wp\/v2\/media\/544"}],"wp:attachment":[{"href":"https:\/\/ismaeljoyeros.com\/blog\/wp-json\/wp\/v2\/media?parent=113"}],"wp:term":[{"taxonomy":"category","embeddable":true,"href":"https:\/\/ismaeljoyeros.com\/blog\/wp-json\/wp\/v2\/categories?post=113"},{"taxonomy":"post_tag","embeddable":true,"href":"https:\/\/ismaeljoyeros.com\/blog\/wp-json\/wp\/v2\/tags?post=113"}],"curies":[{"name":"wp","href":"https:\/\/api.w.org\/{rel}","templated":true}]}}