{"id":112,"date":"2015-07-15T00:00:00","date_gmt":"2015-07-15T00:00:00","guid":{"rendered":"http:\/\/pendientes-de-oro-blanco-con-esmeraldas-a-medida-de-una-cumpleanera"},"modified":"2018-03-19T09:20:54","modified_gmt":"2018-03-19T09:20:54","slug":"pendientes-oro-blanco-esmeraldas-medida-una-cumpleanera","status":"publish","type":"post","link":"https:\/\/ismaeljoyeros.com\/blog\/pendientes-oro-blanco-esmeraldas-medida-una-cumpleanera\/","title":{"rendered":"Pendientes de oro blanco con esmeraldas, a medida de una cumplea\u00f1era"},"content":{"rendered":"<p>Si el a\u00f1o pasado le hicimos un colgante as\u00ed de bonito:<a href=\"http:\/\/bit.ly\/1SnmuTX\" target=\"_blank\" rel=\"nofollow\">http:\/\/bit.ly\/1SnmuTX<\/a>, este a\u00f1o ya tiene el juego en su poder. El mismo cliente nos hizo ambos encargos, y si ya la ten\u00eda ganada, ahora imaginaos. <!--more-->Cada vez os decant\u00e1is m\u00e1s por esta opci\u00f3n, que a nosotros nos encanta: os dise\u00f1amos una pieza exclusiva y vamos completando el conjunto, con motivo de cada celebraci\u00f3n. As\u00ed da gusto esperar regalos, oye <em>\u00a0\ud83d\ude09<\/em><\/p>\n<p><em><img loading=\"lazy\" title=\"pendientes esmeralda\" src=\"https:\/\/ww2.ismaeljoyeros.com\/blog\/wp-content\/uploads\/2015\/07\/Pendientes_esmeralda_web.jpg\" alt=\"pendientes esmeralda\" width=\"658\" height=\"636\" \/><\/em><\/p>\n","protected":false},"excerpt":{"rendered":"<p>Si el a\u00f1o pasado le hicimos un colgante as\u00ed de bonito:http:\/\/bit.ly\/1SnmuTX, este a\u00f1o ya tiene el juego en su poder. El mismo cliente nos hizo ambos encargos, y si ya la ten\u00eda ganada, ahora imaginaos&#8230;<\/p>\n","protected":false},"author":2,"featured_media":534,"comment_status":"open","ping_status":"closed","sticky":false,"template":"","format":"standard","meta":[],"categories":[8,5],"tags":[],"_links":{"self":[{"href":"https:\/\/ismaeljoyeros.com\/blog\/wp-json\/wp\/v2\/posts\/112"}],"collection":[{"href":"https:\/\/ismaeljoyeros.com\/blog\/wp-json\/wp\/v2\/posts"}],"about":[{"href":"https:\/\/ismaeljoyeros.com\/blog\/wp-json\/wp\/v2\/types\/post"}],"author":[{"embeddable":true,"href":"https:\/\/ismaeljoyeros.com\/blog\/wp-json\/wp\/v2\/users\/2"}],"replies":[{"embeddable":true,"href":"https:\/\/ismaeljoyeros.com\/blog\/wp-json\/wp\/v2\/comments?post=112"}],"version-history":[{"count":1,"href":"https:\/\/ismaeljoyeros.com\/blog\/wp-json\/wp\/v2\/posts\/112\/revisions"}],"predecessor-version":[{"id":72901,"href":"https:\/\/ismaeljoyeros.com\/blog\/wp-json\/wp\/v2\/posts\/112\/revisions\/72901"}],"wp:featuredmedia":[{"embeddable":true,"href":"https:\/\/ismaeljoyeros.com\/blog\/wp-json\/wp\/v2\/media\/534"}],"wp:attachment":[{"href":"https:\/\/ismaeljoyeros.com\/blog\/wp-json\/wp\/v2\/media?parent=112"}],"wp:term":[{"taxonomy":"category","embeddable":true,"href":"https:\/\/ismaeljoyeros.com\/blog\/wp-json\/wp\/v2\/categories?post=112"},{"taxonomy":"post_tag","embeddable":true,"href":"https:\/\/ismaeljoyeros.com\/blog\/wp-json\/wp\/v2\/tags?post=112"}],"curies":[{"name":"wp","href":"https:\/\/api.w.org\/{rel}","templated":true}]}}