{"id":109,"date":"2015-06-15T00:00:00","date_gmt":"2015-06-15T00:00:00","guid":{"rendered":"http:\/\/lanzamos-para-ti-un-sorteo-con-mucho-love"},"modified":"2018-03-19T09:20:54","modified_gmt":"2018-03-19T09:20:54","slug":"lanzamos-ti-%e2%80%aa%e2%80%8esorteo%e2%80%ac-mucho-%e2%80%aalove%e2%80%ac","status":"publish","type":"post","link":"https:\/\/ismaeljoyeros.com\/blog\/lanzamos-ti-%e2%80%aa%e2%80%8esorteo%e2%80%ac-mucho-%e2%80%aalove%e2%80%ac\/","title":{"rendered":"Lanzamos para ti, un \u202a\u200eSORTEO\u202c con mucho \u202aLOVE\u202c"},"content":{"rendered":"<p>\u00a1Lanzamos para ti, un\u00a0<span class=\"_58cl\"><a class=\"_58cn\" href=\"https:\/\/www.facebook.com\/hashtag\/sorteo?source=feed_text&amp;story_id=10155669542040313\" data-ft=\"{&quot;tn&quot;:&quot;*N&quot;,&quot;type&quot;:104}\">\u202a<\/a>\u00a0 \u00a0SORTEO con mucho LOVE!<\/span>. G\u00e1nate esta preciosa gargantilla de plata de Marina Garc\u00eda Joyas. Para participar, solo tienes que seguir estos 3 sencillos pasos:<!--more--><\/p>\n<p>1\u00ba. Ser fan de nuestra p\u00e1gina de facebook \u00abIsmael Joyeros\u00bb: \u00a0<a href=\"http:\/\/www.facebook.com\/ismaeljoyeros\">www.facebook.com\/ismaeljoyeros<\/a>.<br \/>\n2\u00ba. Darle a \u00abme gusta\u00bb a esta fotograf\u00eda.<br \/>\n3\u00ba. Por \u00faltimo y muy importante, dejar un comentario en la misma, cont\u00e1ndonos a qui\u00e9n amas, (en el formato: \u00abI LOVE&#8230;\u00bb) y porqu\u00e9. Acu\u00e9rdate de mencionar a esa\/s persona\/s en el comentario, se\u00a0<span class=\"text_exposed_show\">llevar\u00e1\/n una feliz sorpresa.<\/span><\/p>\n<div class=\"text_exposed_show\">\n<p>Si te gusta la idea, te invitamos a compartir este sorteo, para que nuestro LOVE, llegue a muchos rincones \ud83d\ude09<\/p>\n<p>*El viernes 3 de julio conoceremos el nombre del afortunad@.<\/p>\n<p>\u00a1Suerte!.<\/p>\n<p><img loading=\"lazy\" src=\"https:\/\/ww2.ismaeljoyeros.com\/blog\/wp-content\/uploads\/2015\/06\/loveweb.jpg\" alt=\"\" width=\"658\" height=\"387\" \/><\/p>\n<\/div>\n","protected":false},"excerpt":{"rendered":"<p>G\u00e1nate esta preciosa gargantilla de plata de Marina Garc\u00eda Joyas.<\/p>\n","protected":false},"author":2,"featured_media":539,"comment_status":"open","ping_status":"closed","sticky":false,"template":"","format":"standard","meta":[],"categories":[8,5],"tags":[],"_links":{"self":[{"href":"https:\/\/ismaeljoyeros.com\/blog\/wp-json\/wp\/v2\/posts\/109"}],"collection":[{"href":"https:\/\/ismaeljoyeros.com\/blog\/wp-json\/wp\/v2\/posts"}],"about":[{"href":"https:\/\/ismaeljoyeros.com\/blog\/wp-json\/wp\/v2\/types\/post"}],"author":[{"embeddable":true,"href":"https:\/\/ismaeljoyeros.com\/blog\/wp-json\/wp\/v2\/users\/2"}],"replies":[{"embeddable":true,"href":"https:\/\/ismaeljoyeros.com\/blog\/wp-json\/wp\/v2\/comments?post=109"}],"version-history":[{"count":1,"href":"https:\/\/ismaeljoyeros.com\/blog\/wp-json\/wp\/v2\/posts\/109\/revisions"}],"predecessor-version":[{"id":72902,"href":"https:\/\/ismaeljoyeros.com\/blog\/wp-json\/wp\/v2\/posts\/109\/revisions\/72902"}],"wp:featuredmedia":[{"embeddable":true,"href":"https:\/\/ismaeljoyeros.com\/blog\/wp-json\/wp\/v2\/media\/539"}],"wp:attachment":[{"href":"https:\/\/ismaeljoyeros.com\/blog\/wp-json\/wp\/v2\/media?parent=109"}],"wp:term":[{"taxonomy":"category","embeddable":true,"href":"https:\/\/ismaeljoyeros.com\/blog\/wp-json\/wp\/v2\/categories?post=109"},{"taxonomy":"post_tag","embeddable":true,"href":"https:\/\/ismaeljoyeros.com\/blog\/wp-json\/wp\/v2\/tags?post=109"}],"curies":[{"name":"wp","href":"https:\/\/api.w.org\/{rel}","templated":true}]}}