{"id":107,"date":"2015-03-30T00:00:00","date_gmt":"2015-03-30T00:00:00","guid":{"rendered":"http:\/\/viva-la-virgen-de-la-alegria"},"modified":"2018-03-19T09:20:55","modified_gmt":"2018-03-19T09:20:55","slug":"viva-la-virgen-la-alegria","status":"publish","type":"post","link":"https:\/\/ismaeljoyeros.com\/blog\/viva-la-virgen-la-alegria\/","title":{"rendered":"\u00a1Viva la Virgen de la Alegr\u00eda!"},"content":{"rendered":"<p>El lunes que viene, ser\u00e1 Lunes de Pascua y d\u00eda de romer\u00eda. Hasta la ermita de la Virgen de la Alegr\u00eda subiremos los de Monz\u00f3n a darle un besico al manto. En honor a ella, a la nuestra, van estas medallas, que podr\u00e1s lucir con orgullo al cuello o en tu mu\u00f1eca.<!--more--><\/p>\n<p><img loading=\"lazy\" title=\"medallas Virgen de la Alegr\u00eda\" src=\"https:\/\/ismaeljoyeros.com\/img\/cms\/joyasalegria.jpg\" alt=\"medallas Virgen de la Alegr\u00eda\" width=\"658\" height=\"494\" \/><\/p>\n","protected":false},"excerpt":{"rendered":"<p>Y como somos de Monz\u00f3n, en honor a ella, a la nuestra, van estas medallas, que podr\u00e1s lucir con orgullo al cuello o en tu mu\u00f1eca.<\/p>\n","protected":false},"author":2,"featured_media":515,"comment_status":"open","ping_status":"closed","sticky":false,"template":"","format":"standard","meta":[],"categories":[8,5],"tags":[],"_links":{"self":[{"href":"https:\/\/ismaeljoyeros.com\/blog\/wp-json\/wp\/v2\/posts\/107"}],"collection":[{"href":"https:\/\/ismaeljoyeros.com\/blog\/wp-json\/wp\/v2\/posts"}],"about":[{"href":"https:\/\/ismaeljoyeros.com\/blog\/wp-json\/wp\/v2\/types\/post"}],"author":[{"embeddable":true,"href":"https:\/\/ismaeljoyeros.com\/blog\/wp-json\/wp\/v2\/users\/2"}],"replies":[{"embeddable":true,"href":"https:\/\/ismaeljoyeros.com\/blog\/wp-json\/wp\/v2\/comments?post=107"}],"version-history":[{"count":1,"href":"https:\/\/ismaeljoyeros.com\/blog\/wp-json\/wp\/v2\/posts\/107\/revisions"}],"predecessor-version":[{"id":72906,"href":"https:\/\/ismaeljoyeros.com\/blog\/wp-json\/wp\/v2\/posts\/107\/revisions\/72906"}],"wp:featuredmedia":[{"embeddable":true,"href":"https:\/\/ismaeljoyeros.com\/blog\/wp-json\/wp\/v2\/media\/515"}],"wp:attachment":[{"href":"https:\/\/ismaeljoyeros.com\/blog\/wp-json\/wp\/v2\/media?parent=107"}],"wp:term":[{"taxonomy":"category","embeddable":true,"href":"https:\/\/ismaeljoyeros.com\/blog\/wp-json\/wp\/v2\/categories?post=107"},{"taxonomy":"post_tag","embeddable":true,"href":"https:\/\/ismaeljoyeros.com\/blog\/wp-json\/wp\/v2\/tags?post=107"}],"curies":[{"name":"wp","href":"https:\/\/api.w.org\/{rel}","templated":true}]}}