{"id":106,"date":"2015-03-13T00:00:00","date_gmt":"2015-03-13T00:00:00","guid":{"rendered":"http:\/\/para-mi-superpapi-"},"modified":"2018-03-19T09:20:55","modified_gmt":"2018-03-19T09:20:55","slug":"para-mi-superpapi","status":"publish","type":"post","link":"https:\/\/ismaeljoyeros.com\/blog\/para-mi-superpapi\/","title":{"rendered":"Para mi superpapi :)"},"content":{"rendered":"<p>Ya estamos preparando distintos detalles personalizados para el D\u00eda del Padre, como este llavero en el que hemos grabado uno de sus dibus preferidos y que no podr\u00eda ser para nadie m\u00e1s. <!--more-->Ya sabes mam\u00e1, al\u00edate con el peque de la casa y ven a vernos, que juntos le prepararemos un regalo bien chulo.<\/p>\n<p><img loading=\"lazy\" title=\"llavero para pap\u00e1\" src=\"https:\/\/ismaeljoyeros.com\/img\/cms\/llaveropapa.jpg\" alt=\"llavero para pap\u00e1\" width=\"658\" height=\"494\" \/><\/p>\n","protected":false},"excerpt":{"rendered":"<p>Ya estamos preparando distintos detalles personalizados para el D\u00eda del Padre, como este llavero en el que hemos grabado uno de sus dibus preferidos.<\/p>\n","protected":false},"author":2,"featured_media":512,"comment_status":"open","ping_status":"closed","sticky":false,"template":"","format":"standard","meta":[],"categories":[2,8,5],"tags":[],"_links":{"self":[{"href":"https:\/\/ismaeljoyeros.com\/blog\/wp-json\/wp\/v2\/posts\/106"}],"collection":[{"href":"https:\/\/ismaeljoyeros.com\/blog\/wp-json\/wp\/v2\/posts"}],"about":[{"href":"https:\/\/ismaeljoyeros.com\/blog\/wp-json\/wp\/v2\/types\/post"}],"author":[{"embeddable":true,"href":"https:\/\/ismaeljoyeros.com\/blog\/wp-json\/wp\/v2\/users\/2"}],"replies":[{"embeddable":true,"href":"https:\/\/ismaeljoyeros.com\/blog\/wp-json\/wp\/v2\/comments?post=106"}],"version-history":[{"count":1,"href":"https:\/\/ismaeljoyeros.com\/blog\/wp-json\/wp\/v2\/posts\/106\/revisions"}],"predecessor-version":[{"id":72907,"href":"https:\/\/ismaeljoyeros.com\/blog\/wp-json\/wp\/v2\/posts\/106\/revisions\/72907"}],"wp:featuredmedia":[{"embeddable":true,"href":"https:\/\/ismaeljoyeros.com\/blog\/wp-json\/wp\/v2\/media\/512"}],"wp:attachment":[{"href":"https:\/\/ismaeljoyeros.com\/blog\/wp-json\/wp\/v2\/media?parent=106"}],"wp:term":[{"taxonomy":"category","embeddable":true,"href":"https:\/\/ismaeljoyeros.com\/blog\/wp-json\/wp\/v2\/categories?post=106"},{"taxonomy":"post_tag","embeddable":true,"href":"https:\/\/ismaeljoyeros.com\/blog\/wp-json\/wp\/v2\/tags?post=106"}],"curies":[{"name":"wp","href":"https:\/\/api.w.org\/{rel}","templated":true}]}}