{"id":103,"date":"2015-02-03T00:00:00","date_gmt":"2015-02-03T00:00:00","guid":{"rendered":"http:\/\/san-valentin-2015"},"modified":"2018-03-19T09:20:56","modified_gmt":"2018-03-19T09:20:56","slug":"san-valentin-2015","status":"publish","type":"post","link":"https:\/\/ismaeljoyeros.com\/blog\/san-valentin-2015\/","title":{"rendered":"San Valent\u00edn 2015"},"content":{"rendered":"<p>&gt;&gt;&#8211;Tu nombre me sabe a miel&#8211;&gt;&gt;&gt;. As\u00ed de claro podr\u00e1s dec\u00edrselo a tu enamorada. Del colgante de plata, cuelga un corazoncito, donde grabaremos tus iniciales. Que se vaya preparando una tal Laura&#8230;<!--more--><\/p>\n<p><img loading=\"lazy\" src=\"https:\/\/ismaeljoyeros.com\/img\/cms\/lauraweb.jpg\" alt=\"\" width=\"658\" height=\"494\" \/><\/p>\n<p>\u00a1Y si te ha gustado la idea, sube nota con la pulserita!.<\/p>\n<p><img loading=\"lazy\" title=\"Pulsera Laura\" src=\"https:\/\/ismaeljoyeros.com\/img\/cms\/laura3.jpg\" alt=\"Pulsera Laura\" width=\"526\" height=\"394\" \/><\/p>\n","protected":false},"excerpt":{"rendered":"<p>Del colgante de plata con su nombre, cuelga un corazoncito, donde grabaremos tus iniciales.<\/p>\n","protected":false},"author":2,"featured_media":500,"comment_status":"open","ping_status":"closed","sticky":false,"template":"","format":"standard","meta":[],"categories":[2,8,5],"tags":[],"_links":{"self":[{"href":"https:\/\/ismaeljoyeros.com\/blog\/wp-json\/wp\/v2\/posts\/103"}],"collection":[{"href":"https:\/\/ismaeljoyeros.com\/blog\/wp-json\/wp\/v2\/posts"}],"about":[{"href":"https:\/\/ismaeljoyeros.com\/blog\/wp-json\/wp\/v2\/types\/post"}],"author":[{"embeddable":true,"href":"https:\/\/ismaeljoyeros.com\/blog\/wp-json\/wp\/v2\/users\/2"}],"replies":[{"embeddable":true,"href":"https:\/\/ismaeljoyeros.com\/blog\/wp-json\/wp\/v2\/comments?post=103"}],"version-history":[{"count":1,"href":"https:\/\/ismaeljoyeros.com\/blog\/wp-json\/wp\/v2\/posts\/103\/revisions"}],"predecessor-version":[{"id":72910,"href":"https:\/\/ismaeljoyeros.com\/blog\/wp-json\/wp\/v2\/posts\/103\/revisions\/72910"}],"wp:featuredmedia":[{"embeddable":true,"href":"https:\/\/ismaeljoyeros.com\/blog\/wp-json\/wp\/v2\/media\/500"}],"wp:attachment":[{"href":"https:\/\/ismaeljoyeros.com\/blog\/wp-json\/wp\/v2\/media?parent=103"}],"wp:term":[{"taxonomy":"category","embeddable":true,"href":"https:\/\/ismaeljoyeros.com\/blog\/wp-json\/wp\/v2\/categories?post=103"},{"taxonomy":"post_tag","embeddable":true,"href":"https:\/\/ismaeljoyeros.com\/blog\/wp-json\/wp\/v2\/tags?post=103"}],"curies":[{"name":"wp","href":"https:\/\/api.w.org\/{rel}","templated":true}]}}